{"id":1748,"date":"2021-06-25T11:27:00","date_gmt":"2021-06-25T11:27:00","guid":{"rendered":"https:\/\/tavfer.com\/tavfer-measindot-mortagua-iuri-leitao-lider-en-la-vuelta-al-alentejo\/"},"modified":"2023-03-31T12:12:31","modified_gmt":"2023-03-31T12:12:31","slug":"tavfer-measindot-mortagua-iuri-leitao-lider-en-la-vuelta-al-alentejo","status":"publish","type":"post","link":"http:\/\/tavfer.com\/es\/tavfer-measindot-mortagua-iuri-leitao-lider-en-la-vuelta-al-alentejo\/","title":{"rendered":"TAVFER-Measindot-Mort\u00e1gua: Iuri Leit\u00e3o l\u00edder en la Vuelta al Alentejo"},"content":{"rendered":"\n<p>25 Junio 2021 Nuestro ciclista Iuri Leit\u00e3o volvi\u00f3 a ganar por segundo d\u00eda consecutivo y es maillot amarillo en la Volta ao Alentejo 2021. Enhorabuena a Iuri y a todo el equipo de TAVFER Measindot Mort\u00e1gua.<\/p>\n","protected":false},"excerpt":{"rendered":"<p>25 Junio 2021 Nuestro ciclista Iuri Leit\u00e3o volvi\u00f3 a ganar por segundo d\u00eda consecutivo y es maillot amarillo en la Volta ao Alentejo 2021. Enhorabuena a Iuri y a todo el equipo de TAVFER Measindot Mort\u00e1gua.<\/p>\n","protected":false},"author":1,"featured_media":1191,"comment_status":"open","ping_status":"closed","sticky":true,"template":"","format":"standard","meta":{"_et_pb_use_builder":"off","_et_pb_old_content":"","_et_gb_content_width":"","om_disable_all_campaigns":false,"_monsterinsights_skip_tracking":false,"_monsterinsights_sitenote_active":false,"_monsterinsights_sitenote_note":"","_monsterinsights_sitenote_category":0,"footnotes":""},"categories":[37],"tags":[],"class_list":["post-1748","post","type-post","status-publish","format-standard","has-post-thumbnail","hentry","category-noticias-es"],"acf":[],"aioseo_notices":[],"yoast_head":"<!-- This site is optimized with the Yoast SEO plugin v19.3 - https:\/\/yoast.com\/wordpress\/plugins\/seo\/ -->\n<title>TAVFER-Measindot-Mort\u00e1gua: Iuri Leit\u00e3o l\u00edder en la Vuelta al Alentejo - Tavfer<\/title>\n<meta name=\"description\" content=\"25 Junio 2021 Nuestro ciclista Iuri Leit\u00e3o volvi\u00f3 a ganar por segundo d\u00eda consecutivo y es maillot amarillo en la Volta ao Alentejo 2021. Enhorabuena a Iuri y a todo el equipo de TAVFER Measindot Mort\u00e1gua.\" \/>\n<meta name=\"robots\" content=\"index, follow, max-snippet:-1, max-image-preview:large, max-video-preview:-1\" \/>\n<link rel=\"canonical\" href=\"https:\/\/tavfer.com\/es\/tavfer-measindot-mortagua-iuri-leitao-lider-en-la-vuelta-al-alentejo\/\" \/>\n<meta property=\"og:locale\" content=\"es_ES\" \/>\n<meta property=\"og:type\" content=\"article\" \/>\n<meta property=\"og:title\" content=\"TAVFER-Measindot-Mort\u00e1gua: Iuri Leit\u00e3o l\u00edder en la Vuelta al Alentejo - Tavfer\" \/>\n<meta property=\"og:description\" content=\"25 Junio 2021 Nuestro ciclista Iuri Leit\u00e3o volvi\u00f3 a ganar por segundo d\u00eda consecutivo y es maillot amarillo en la Volta ao Alentejo 2021. Enhorabuena a Iuri y a todo el equipo de TAVFER Measindot Mort\u00e1gua.\" \/>\n<meta property=\"og:url\" content=\"https:\/\/tavfer.com\/es\/tavfer-measindot-mortagua-iuri-leitao-lider-en-la-vuelta-al-alentejo\/\" \/>\n<meta property=\"og:site_name\" content=\"Tavfer\" \/>\n<meta property=\"article:publisher\" content=\"https:\/\/www.facebook.com\/grupotavfer\/\" \/>\n<meta property=\"article:published_time\" content=\"2021-06-25T11:27:00+00:00\" \/>\n<meta property=\"article:modified_time\" content=\"2023-03-31T12:12:31+00:00\" \/>\n<meta property=\"og:image\" content=\"https:\/\/tavfer.com\/wp-content\/uploads\/2022\/07\/image-9ciclismo-.png\" \/>\n\t<meta property=\"og:image:width\" content=\"768\" \/>\n\t<meta property=\"og:image:height\" content=\"512\" \/>\n\t<meta property=\"og:image:type\" content=\"image\/png\" \/>\n<meta name=\"author\" content=\"titoforns\" \/>\n<meta name=\"twitter:card\" content=\"summary_large_image\" \/>\n<meta name=\"twitter:label1\" content=\"Escrito por\" \/>\n\t<meta name=\"twitter:data1\" content=\"titoforns\" \/>\n<script type=\"application\/ld+json\" class=\"yoast-schema-graph\">{\"@context\":\"https:\/\/schema.org\",\"@graph\":[{\"@type\":\"Organization\",\"@id\":\"http:\/\/tavfer.com\/#organization\",\"name\":\"Grupo Tavfer\",\"url\":\"http:\/\/tavfer.com\/\",\"sameAs\":[\"https:\/\/www.linkedin.com\/company\/grupo-tavfer\",\"https:\/\/www.facebook.com\/grupotavfer\/\"],\"logo\":{\"@type\":\"ImageObject\",\"inLanguage\":\"es\",\"@id\":\"http:\/\/tavfer.com\/#\/schema\/logo\/image\/\",\"url\":\"https:\/\/tavfer.com\/wp-content\/uploads\/2022\/06\/logo-2.png\",\"contentUrl\":\"https:\/\/tavfer.com\/wp-content\/uploads\/2022\/06\/logo-2.png\",\"width\":333,\"height\":90,\"caption\":\"Grupo Tavfer\"},\"image\":{\"@id\":\"http:\/\/tavfer.com\/#\/schema\/logo\/image\/\"}},{\"@type\":\"WebSite\",\"@id\":\"http:\/\/tavfer.com\/#website\",\"url\":\"http:\/\/tavfer.com\/\",\"name\":\"Tavfer\",\"description\":\"Por si, crescemos juntos\",\"publisher\":{\"@id\":\"http:\/\/tavfer.com\/#organization\"},\"potentialAction\":[{\"@type\":\"SearchAction\",\"target\":{\"@type\":\"EntryPoint\",\"urlTemplate\":\"http:\/\/tavfer.com\/?s={search_term_string}\"},\"query-input\":\"required name=search_term_string\"}],\"inLanguage\":\"es\"},{\"@type\":\"ImageObject\",\"inLanguage\":\"es\",\"@id\":\"https:\/\/tavfer.com\/es\/tavfer-measindot-mortagua-iuri-leitao-lider-en-la-vuelta-al-alentejo\/#primaryimage\",\"url\":\"http:\/\/tavfer.com\/wp-content\/uploads\/2022\/07\/image-9ciclismo-.png\",\"contentUrl\":\"http:\/\/tavfer.com\/wp-content\/uploads\/2022\/07\/image-9ciclismo-.png\",\"width\":768,\"height\":512},{\"@type\":\"WebPage\",\"@id\":\"https:\/\/tavfer.com\/es\/tavfer-measindot-mortagua-iuri-leitao-lider-en-la-vuelta-al-alentejo\/\",\"url\":\"https:\/\/tavfer.com\/es\/tavfer-measindot-mortagua-iuri-leitao-lider-en-la-vuelta-al-alentejo\/\",\"name\":\"TAVFER-Measindot-Mort\u00e1gua: Iuri Leit\u00e3o l\u00edder en la Vuelta al Alentejo - Tavfer\",\"isPartOf\":{\"@id\":\"http:\/\/tavfer.com\/#website\"},\"primaryImageOfPage\":{\"@id\":\"https:\/\/tavfer.com\/es\/tavfer-measindot-mortagua-iuri-leitao-lider-en-la-vuelta-al-alentejo\/#primaryimage\"},\"datePublished\":\"2021-06-25T11:27:00+00:00\",\"dateModified\":\"2023-03-31T12:12:31+00:00\",\"description\":\"25 Junio 2021 Nuestro ciclista Iuri Leit\u00e3o volvi\u00f3 a ganar por segundo d\u00eda consecutivo y es maillot amarillo en la Volta ao Alentejo 2021. Enhorabuena a Iuri y a todo el equipo de TAVFER Measindot Mort\u00e1gua.\",\"breadcrumb\":{\"@id\":\"https:\/\/tavfer.com\/es\/tavfer-measindot-mortagua-iuri-leitao-lider-en-la-vuelta-al-alentejo\/#breadcrumb\"},\"inLanguage\":\"es\",\"potentialAction\":[{\"@type\":\"ReadAction\",\"target\":[\"https:\/\/tavfer.com\/es\/tavfer-measindot-mortagua-iuri-leitao-lider-en-la-vuelta-al-alentejo\/\"]}]},{\"@type\":\"BreadcrumbList\",\"@id\":\"https:\/\/tavfer.com\/es\/tavfer-measindot-mortagua-iuri-leitao-lider-en-la-vuelta-al-alentejo\/#breadcrumb\",\"itemListElement\":[{\"@type\":\"ListItem\",\"position\":1,\"name\":\"Home\",\"item\":\"https:\/\/tavfer.com\/\"},{\"@type\":\"ListItem\",\"position\":2,\"name\":\"TAVFER-Measindot-Mort\u00e1gua: Iuri Leit\u00e3o l\u00edder en la Vuelta al Alentejo\"}]},{\"@type\":\"Article\",\"@id\":\"https:\/\/tavfer.com\/es\/tavfer-measindot-mortagua-iuri-leitao-lider-en-la-vuelta-al-alentejo\/#article\",\"isPartOf\":{\"@id\":\"https:\/\/tavfer.com\/es\/tavfer-measindot-mortagua-iuri-leitao-lider-en-la-vuelta-al-alentejo\/\"},\"author\":{\"name\":\"titoforns\",\"@id\":\"http:\/\/tavfer.com\/#\/schema\/person\/51b13f961f84375031c081b60737cf62\"},\"headline\":\"TAVFER-Measindot-Mort\u00e1gua: Iuri Leit\u00e3o l\u00edder en la Vuelta al Alentejo\",\"datePublished\":\"2021-06-25T11:27:00+00:00\",\"dateModified\":\"2023-03-31T12:12:31+00:00\",\"mainEntityOfPage\":{\"@id\":\"https:\/\/tavfer.com\/es\/tavfer-measindot-mortagua-iuri-leitao-lider-en-la-vuelta-al-alentejo\/\"},\"wordCount\":48,\"commentCount\":0,\"publisher\":{\"@id\":\"http:\/\/tavfer.com\/#organization\"},\"image\":{\"@id\":\"https:\/\/tavfer.com\/es\/tavfer-measindot-mortagua-iuri-leitao-lider-en-la-vuelta-al-alentejo\/#primaryimage\"},\"thumbnailUrl\":\"http:\/\/tavfer.com\/wp-content\/uploads\/2022\/07\/image-9ciclismo-.png\",\"articleSection\":[\"Noticias\"],\"inLanguage\":\"es\",\"potentialAction\":[{\"@type\":\"CommentAction\",\"name\":\"Comment\",\"target\":[\"https:\/\/tavfer.com\/es\/tavfer-measindot-mortagua-iuri-leitao-lider-en-la-vuelta-al-alentejo\/#respond\"]}]},{\"@type\":\"Person\",\"@id\":\"http:\/\/tavfer.com\/#\/schema\/person\/51b13f961f84375031c081b60737cf62\",\"name\":\"titoforns\",\"image\":{\"@type\":\"ImageObject\",\"inLanguage\":\"es\",\"@id\":\"http:\/\/tavfer.com\/#\/schema\/person\/image\/\",\"url\":\"https:\/\/secure.gravatar.com\/avatar\/a78d8f9041cbc43fc64260822e0dc2616b2f9bc6718f42070594c6d3b43023df?s=96&d=mm&r=g\",\"contentUrl\":\"https:\/\/secure.gravatar.com\/avatar\/a78d8f9041cbc43fc64260822e0dc2616b2f9bc6718f42070594c6d3b43023df?s=96&d=mm&r=g\",\"caption\":\"titoforns\"},\"sameAs\":[\"https:\/\/grupotavfer.com\"],\"url\":\"http:\/\/tavfer.com\/es\/author\/titoforns\/\"}]}<\/script>\n<!-- \/ Yoast SEO plugin. -->","yoast_head_json":{"title":"TAVFER-Measindot-Mort\u00e1gua: Iuri Leit\u00e3o l\u00edder en la Vuelta al Alentejo - Tavfer","description":"25 Junio 2021 Nuestro ciclista Iuri Leit\u00e3o volvi\u00f3 a ganar por segundo d\u00eda consecutivo y es maillot amarillo en la Volta ao Alentejo 2021. Enhorabuena a Iuri y a todo el equipo de TAVFER Measindot Mort\u00e1gua.","robots":{"index":"index","follow":"follow","max-snippet":"max-snippet:-1","max-image-preview":"max-image-preview:large","max-video-preview":"max-video-preview:-1"},"canonical":"https:\/\/tavfer.com\/es\/tavfer-measindot-mortagua-iuri-leitao-lider-en-la-vuelta-al-alentejo\/","og_locale":"es_ES","og_type":"article","og_title":"TAVFER-Measindot-Mort\u00e1gua: Iuri Leit\u00e3o l\u00edder en la Vuelta al Alentejo - Tavfer","og_description":"25 Junio 2021 Nuestro ciclista Iuri Leit\u00e3o volvi\u00f3 a ganar por segundo d\u00eda consecutivo y es maillot amarillo en la Volta ao Alentejo 2021. Enhorabuena a Iuri y a todo el equipo de TAVFER Measindot Mort\u00e1gua.","og_url":"https:\/\/tavfer.com\/es\/tavfer-measindot-mortagua-iuri-leitao-lider-en-la-vuelta-al-alentejo\/","og_site_name":"Tavfer","article_publisher":"https:\/\/www.facebook.com\/grupotavfer\/","article_published_time":"2021-06-25T11:27:00+00:00","article_modified_time":"2023-03-31T12:12:31+00:00","og_image":[{"width":768,"height":512,"url":"https:\/\/tavfer.com\/wp-content\/uploads\/2022\/07\/image-9ciclismo-.png","type":"image\/png"}],"author":"titoforns","twitter_card":"summary_large_image","twitter_misc":{"Escrito por":"titoforns"},"schema":{"@context":"https:\/\/schema.org","@graph":[{"@type":"Organization","@id":"http:\/\/tavfer.com\/#organization","name":"Grupo Tavfer","url":"http:\/\/tavfer.com\/","sameAs":["https:\/\/www.linkedin.com\/company\/grupo-tavfer","https:\/\/www.facebook.com\/grupotavfer\/"],"logo":{"@type":"ImageObject","inLanguage":"es","@id":"http:\/\/tavfer.com\/#\/schema\/logo\/image\/","url":"https:\/\/tavfer.com\/wp-content\/uploads\/2022\/06\/logo-2.png","contentUrl":"https:\/\/tavfer.com\/wp-content\/uploads\/2022\/06\/logo-2.png","width":333,"height":90,"caption":"Grupo Tavfer"},"image":{"@id":"http:\/\/tavfer.com\/#\/schema\/logo\/image\/"}},{"@type":"WebSite","@id":"http:\/\/tavfer.com\/#website","url":"http:\/\/tavfer.com\/","name":"Tavfer","description":"Por si, crescemos juntos","publisher":{"@id":"http:\/\/tavfer.com\/#organization"},"potentialAction":[{"@type":"SearchAction","target":{"@type":"EntryPoint","urlTemplate":"http:\/\/tavfer.com\/?s={search_term_string}"},"query-input":"required name=search_term_string"}],"inLanguage":"es"},{"@type":"ImageObject","inLanguage":"es","@id":"https:\/\/tavfer.com\/es\/tavfer-measindot-mortagua-iuri-leitao-lider-en-la-vuelta-al-alentejo\/#primaryimage","url":"http:\/\/tavfer.com\/wp-content\/uploads\/2022\/07\/image-9ciclismo-.png","contentUrl":"http:\/\/tavfer.com\/wp-content\/uploads\/2022\/07\/image-9ciclismo-.png","width":768,"height":512},{"@type":"WebPage","@id":"https:\/\/tavfer.com\/es\/tavfer-measindot-mortagua-iuri-leitao-lider-en-la-vuelta-al-alentejo\/","url":"https:\/\/tavfer.com\/es\/tavfer-measindot-mortagua-iuri-leitao-lider-en-la-vuelta-al-alentejo\/","name":"TAVFER-Measindot-Mort\u00e1gua: Iuri Leit\u00e3o l\u00edder en la Vuelta al Alentejo - Tavfer","isPartOf":{"@id":"http:\/\/tavfer.com\/#website"},"primaryImageOfPage":{"@id":"https:\/\/tavfer.com\/es\/tavfer-measindot-mortagua-iuri-leitao-lider-en-la-vuelta-al-alentejo\/#primaryimage"},"datePublished":"2021-06-25T11:27:00+00:00","dateModified":"2023-03-31T12:12:31+00:00","description":"25 Junio 2021 Nuestro ciclista Iuri Leit\u00e3o volvi\u00f3 a ganar por segundo d\u00eda consecutivo y es maillot amarillo en la Volta ao Alentejo 2021. Enhorabuena a Iuri y a todo el equipo de TAVFER Measindot Mort\u00e1gua.","breadcrumb":{"@id":"https:\/\/tavfer.com\/es\/tavfer-measindot-mortagua-iuri-leitao-lider-en-la-vuelta-al-alentejo\/#breadcrumb"},"inLanguage":"es","potentialAction":[{"@type":"ReadAction","target":["https:\/\/tavfer.com\/es\/tavfer-measindot-mortagua-iuri-leitao-lider-en-la-vuelta-al-alentejo\/"]}]},{"@type":"BreadcrumbList","@id":"https:\/\/tavfer.com\/es\/tavfer-measindot-mortagua-iuri-leitao-lider-en-la-vuelta-al-alentejo\/#breadcrumb","itemListElement":[{"@type":"ListItem","position":1,"name":"Home","item":"https:\/\/tavfer.com\/"},{"@type":"ListItem","position":2,"name":"TAVFER-Measindot-Mort\u00e1gua: Iuri Leit\u00e3o l\u00edder en la Vuelta al Alentejo"}]},{"@type":"Article","@id":"https:\/\/tavfer.com\/es\/tavfer-measindot-mortagua-iuri-leitao-lider-en-la-vuelta-al-alentejo\/#article","isPartOf":{"@id":"https:\/\/tavfer.com\/es\/tavfer-measindot-mortagua-iuri-leitao-lider-en-la-vuelta-al-alentejo\/"},"author":{"name":"titoforns","@id":"http:\/\/tavfer.com\/#\/schema\/person\/51b13f961f84375031c081b60737cf62"},"headline":"TAVFER-Measindot-Mort\u00e1gua: Iuri Leit\u00e3o l\u00edder en la Vuelta al Alentejo","datePublished":"2021-06-25T11:27:00+00:00","dateModified":"2023-03-31T12:12:31+00:00","mainEntityOfPage":{"@id":"https:\/\/tavfer.com\/es\/tavfer-measindot-mortagua-iuri-leitao-lider-en-la-vuelta-al-alentejo\/"},"wordCount":48,"commentCount":0,"publisher":{"@id":"http:\/\/tavfer.com\/#organization"},"image":{"@id":"https:\/\/tavfer.com\/es\/tavfer-measindot-mortagua-iuri-leitao-lider-en-la-vuelta-al-alentejo\/#primaryimage"},"thumbnailUrl":"http:\/\/tavfer.com\/wp-content\/uploads\/2022\/07\/image-9ciclismo-.png","articleSection":["Noticias"],"inLanguage":"es","potentialAction":[{"@type":"CommentAction","name":"Comment","target":["https:\/\/tavfer.com\/es\/tavfer-measindot-mortagua-iuri-leitao-lider-en-la-vuelta-al-alentejo\/#respond"]}]},{"@type":"Person","@id":"http:\/\/tavfer.com\/#\/schema\/person\/51b13f961f84375031c081b60737cf62","name":"titoforns","image":{"@type":"ImageObject","inLanguage":"es","@id":"http:\/\/tavfer.com\/#\/schema\/person\/image\/","url":"https:\/\/secure.gravatar.com\/avatar\/a78d8f9041cbc43fc64260822e0dc2616b2f9bc6718f42070594c6d3b43023df?s=96&d=mm&r=g","contentUrl":"https:\/\/secure.gravatar.com\/avatar\/a78d8f9041cbc43fc64260822e0dc2616b2f9bc6718f42070594c6d3b43023df?s=96&d=mm&r=g","caption":"titoforns"},"sameAs":["https:\/\/grupotavfer.com"],"url":"http:\/\/tavfer.com\/es\/author\/titoforns\/"}]}},"_links":{"self":[{"href":"http:\/\/tavfer.com\/es\/wp-json\/wp\/v2\/posts\/1748","targetHints":{"allow":["GET"]}}],"collection":[{"href":"http:\/\/tavfer.com\/es\/wp-json\/wp\/v2\/posts"}],"about":[{"href":"http:\/\/tavfer.com\/es\/wp-json\/wp\/v2\/types\/post"}],"author":[{"embeddable":true,"href":"http:\/\/tavfer.com\/es\/wp-json\/wp\/v2\/users\/1"}],"replies":[{"embeddable":true,"href":"http:\/\/tavfer.com\/es\/wp-json\/wp\/v2\/comments?post=1748"}],"version-history":[{"count":2,"href":"http:\/\/tavfer.com\/es\/wp-json\/wp\/v2\/posts\/1748\/revisions"}],"predecessor-version":[{"id":2168,"href":"http:\/\/tavfer.com\/es\/wp-json\/wp\/v2\/posts\/1748\/revisions\/2168"}],"wp:featuredmedia":[{"embeddable":true,"href":"http:\/\/tavfer.com\/es\/wp-json\/wp\/v2\/media\/1191"}],"wp:attachment":[{"href":"http:\/\/tavfer.com\/es\/wp-json\/wp\/v2\/media?parent=1748"}],"wp:term":[{"taxonomy":"category","embeddable":true,"href":"http:\/\/tavfer.com\/es\/wp-json\/wp\/v2\/categories?post=1748"},{"taxonomy":"post_tag","embeddable":true,"href":"http:\/\/tavfer.com\/es\/wp-json\/wp\/v2\/tags?post=1748"}],"curies":[{"name":"wp","href":"https:\/\/api.w.org\/{rel}","templated":true}]}}