{"id":1772,"date":"2022-08-05T08:39:13","date_gmt":"2022-08-05T08:39:13","guid":{"rendered":"https:\/\/tavfer.com\/joao-matias-entre-los-mejores-en-el-prologo-inicial-del-tour\/"},"modified":"2023-03-31T12:12:21","modified_gmt":"2023-03-31T12:12:21","slug":"joao-matias-entre-los-mejores-en-el-prologo-inicial-del-tour","status":"publish","type":"post","link":"https:\/\/tavfer.com\/es\/joao-matias-entre-los-mejores-en-el-prologo-inicial-del-tour\/","title":{"rendered":"Jo\u00e3o Matias, entre los mejores en el pr\u00f3logo inicial del Tour"},"content":{"rendered":"<p>[et_pb_section fb_built=&#8221;1&#8243; _builder_version=&#8221;4.16&#8243; global_colors_info=&#8221;{}&#8221; theme_builder_area=&#8221;post_content&#8221;][et_pb_row _builder_version=&#8221;4.17.6&#8243; background_size=&#8221;initial&#8221; background_position=&#8221;top_left&#8221; background_repeat=&#8221;repeat&#8221; width=&#8221;100%&#8221; global_colors_info=&#8221;{}&#8221; theme_builder_area=&#8221;post_content&#8221;][et_pb_column type=&#8221;4_4&#8243; _builder_version=&#8221;4.16&#8243; custom_padding=&#8221;|||&#8221; global_colors_info=&#8221;{}&#8221; custom_padding__hover=&#8221;|||&#8221; theme_builder_area=&#8221;post_content&#8221;][et_pb_text _builder_version=&#8221;4.17.6&#8243; background_size=&#8221;initial&#8221; background_position=&#8221;top_left&#8221; background_repeat=&#8221;repeat&#8221; hover_enabled=&#8221;0&#8243; global_colors_info=&#8221;{}&#8221; theme_builder_area=&#8221;post_content&#8221; sticky_enabled=&#8221;0&#8243;]<\/p>\n<p>Jueves 4 de agosto de 2022<\/p>\n<p><!-- \/divi:paragraph --><\/p>\n<p><!-- divi:paragraph --><\/p>\n<p><!-- \/divi:paragraph --><\/p>\n<p>[\/et_pb_text][et_pb_text _builder_version=&#8221;4.17.6&#8243; background_size=&#8221;initial&#8221; background_position=&#8221;top_left&#8221; background_repeat=&#8221;repeat&#8221; hover_enabled=&#8221;0&#8243; global_colors_info=&#8221;{}&#8221; theme_builder_area=&#8221;post_content&#8221; sticky_enabled=&#8221;0&#8243;]<\/p>\n<p>El Equipo Continental UCI Tavfer-Mort\u00e1gua-Ovos Matinados ha completado hoy su participaci\u00f3n en el Pr\u00f3logo de la Vuelta a Portugal, un corto enlace de 5,4 kil\u00f3metros con salida y llegada en Lisboa.<\/p>\n<p>Nuestros corredores tuvieron una participaci\u00f3n como era de esperar, donde Jo\u00e3o Matias, debido a su experiencia en el ciclismo de pista, fue el corredor m\u00e1s adecuado para este d\u00eda. Acab\u00f3 realizando una muy buena actuaci\u00f3n y registr\u00f3 un tiempo final de 6m33s, qued\u00e1ndose a 22 segundos del ganador del d\u00eda, Rafael Reis (Glassdrive\/Q8\/Anicolor).<\/p>\n<p>Todos los dem\u00e1s corredores completaron esta primera jornada sin contratiempos, manteniendo as\u00ed intactas todas las aspiraciones en cuanto a la clasificaci\u00f3n general.<\/p>\n<p>La primera etapa en l\u00ednea, que se correr\u00e1 este viernes, es la m\u00e1s larga de toda la carrera. La salida ser\u00e1 a las 12h25, en Vila Franca de Xira, y la llegada a Elvas est\u00e1 prevista para las 17h30, despu\u00e9s de recorrer 193,5 kil\u00f3metros. Habr\u00e1 un primer paso por la l\u00ednea de meta, a 10,1 kil\u00f3metros del final. El trazado, en pleno Alentejo, es esencialmente llano, aunque incluye dos monta\u00f1as de cuarta categor\u00eda.<\/p>\n<p><strong><\/strong><\/p>\n<p><strong><\/strong><\/p>\n<p><strong>Clasificaci\u00f3n por etapas  <\/strong><\/p>\n<p>Lisboa &#8211; Lisboa: 5,4 Kms<\/p>\n<p>1\u00ba Rafael Reis (Glassdrive\/Q8\/Anicolor), 6m11s<\/p>\n<p>24\u00ba Jo\u00e3o Matias (Tavfer-Mort\u00e1gua-Ovos Matinados), 22s<\/p>\n<p>56\u00ba Ant\u00f3nio Barbio (Tavfer-Mort\u00e1gua-Ovos Matinados), 32s<\/p>\n<p>61\u00ba Gon\u00e7alo Amado (Tavfer-Mort\u00e1gua-Ovos Matinados), 34s<\/p>\n<p>62\u00ba Gon\u00e7alo Carvalho (Tavfer-Mort\u00e1gua-Ovos Matinados), 35s<\/p>\n<p>76\u00ba Rui Carvalho (Tavfer-Mort\u00e1gua-Ovos Matinados), 42s<\/p>\n<p>92\u00ba puesto \u00c1ngel Sanchez (Tavfer-Mort\u00e1gua-Ovos Matinados), 43s<\/p>\n<p>&nbsp;<\/p>\n<p><strong>  Clasificaci\u00f3n por equipos  <\/strong><\/p>\n<p>1\u00ba Glassdrive\/Q8\/Anicolor, 18m59s<\/p>\n<p>11\u00ba Tavfer-Mort\u00e1gua-Ovos Matinados, 1m02<\/p>\n<p><!-- \/divi:paragraph --><\/p>\n<p><!-- divi:paragraph --><\/p>\n<p><!-- \/divi:paragraph --><\/p>\n<p>[\/et_pb_text][\/et_pb_column][\/et_pb_row][\/et_pb_section][et_pb_section fb_built=&#8221;1&#8243; _builder_version=&#8221;4.17.6&#8243; _module_preset=&#8221;default&#8221; global_colors_info=&#8221;{}&#8221; theme_builder_area=&#8221;post_content&#8221;][et_pb_row _builder_version=&#8221;4.17.6&#8243; _module_preset=&#8221;default&#8221; width=&#8221;100%&#8221; global_colors_info=&#8221;{}&#8221; theme_builder_area=&#8221;post_content&#8221;][et_pb_column type=&#8221;4_4&#8243; _builder_version=&#8221;4.17.6&#8243; _module_preset=&#8221;default&#8221; global_colors_info=&#8221;{}&#8221; theme_builder_area=&#8221;post_content&#8221;][et_pb_gallery gallery_ids=&#8221;989,988,987,986,985,984,983&#8243; fullwidth=&#8221;on&#8221; _builder_version=&#8221;4.17.6&#8243; _module_preset=&#8221;default&#8221; width=&#8221;100%&#8221; module_alignment=&#8221;center&#8221; hover_enabled=&#8221;0&#8243; border_radii=&#8221;on|10px|10px|10px|10px&#8221; global_colors_info=&#8221;{}&#8221; theme_builder_area=&#8221;post_content&#8221; sticky_enabled=&#8221;0&#8243;][\/et_pb_gallery][\/et_pb_column][\/et_pb_row][\/et_pb_section]<\/p>\n","protected":false},"excerpt":{"rendered":"<p>25 Junio 2021 Nuestro ciclista Iuri Leit\u00e3o volvi\u00f3 a ganar por segundo d\u00eda consecutivo y es maillot amarillo en la Volta ao Alentejo 2021. Enhorabuena a Iuri y a todo el equipo de TAVFER Measindot Mort\u00e1gua.<\/p>\n","protected":false},"author":1,"featured_media":1497,"comment_status":"open","ping_status":"closed","sticky":false,"template":"","format":"standard","meta":{"_et_pb_use_builder":"on","_et_pb_old_content":"","_et_gb_content_width":"","om_disable_all_campaigns":false,"_monsterinsights_skip_tracking":false,"_monsterinsights_sitenote_active":false,"_monsterinsights_sitenote_note":"","_monsterinsights_sitenote_category":0,"footnotes":""},"categories":[37],"tags":[],"class_list":["post-1772","post","type-post","status-publish","format-standard","has-post-thumbnail","hentry","category-noticias-es"],"acf":[],"aioseo_notices":[],"yoast_head":"<!-- This site is optimized with the Yoast SEO plugin v19.3 - https:\/\/yoast.com\/wordpress\/plugins\/seo\/ -->\n<title>Jo\u00e3o Matias, entre los mejores en el pr\u00f3logo inicial del Tour - Tavfer<\/title>\n<meta name=\"description\" content=\"25 Junio 2021 Nuestro ciclista Iuri Leit\u00e3o volvi\u00f3 a ganar por segundo d\u00eda consecutivo y es maillot amarillo en la Volta ao Alentejo 2021. Enhorabuena a Iuri y a todo el equipo de TAVFER Measindot Mort\u00e1gua.\" \/>\n<meta name=\"robots\" content=\"index, follow, max-snippet:-1, max-image-preview:large, max-video-preview:-1\" \/>\n<link rel=\"canonical\" href=\"https:\/\/tavfer.com\/es\/joao-matias-entre-los-mejores-en-el-prologo-inicial-del-tour\/\" \/>\n<meta property=\"og:locale\" content=\"es_ES\" \/>\n<meta property=\"og:type\" content=\"article\" \/>\n<meta property=\"og:title\" content=\"Jo\u00e3o Matias, entre los mejores en el pr\u00f3logo inicial del Tour - Tavfer\" \/>\n<meta property=\"og:description\" content=\"25 Junio 2021 Nuestro ciclista Iuri Leit\u00e3o volvi\u00f3 a ganar por segundo d\u00eda consecutivo y es maillot amarillo en la Volta ao Alentejo 2021. Enhorabuena a Iuri y a todo el equipo de TAVFER Measindot Mort\u00e1gua.\" \/>\n<meta property=\"og:url\" content=\"https:\/\/tavfer.com\/es\/joao-matias-entre-los-mejores-en-el-prologo-inicial-del-tour\/\" \/>\n<meta property=\"og:site_name\" content=\"Tavfer\" \/>\n<meta property=\"article:publisher\" content=\"https:\/\/www.facebook.com\/grupotavfer\/\" \/>\n<meta property=\"article:published_time\" content=\"2022-08-05T08:39:13+00:00\" \/>\n<meta property=\"article:modified_time\" content=\"2023-03-31T12:12:21+00:00\" \/>\n<meta property=\"og:image\" content=\"https:\/\/tavfer.com\/wp-content\/uploads\/2022\/08\/F1_9880.jpg\" \/>\n\t<meta property=\"og:image:width\" content=\"1800\" \/>\n\t<meta property=\"og:image:height\" content=\"1200\" \/>\n\t<meta property=\"og:image:type\" content=\"image\/jpeg\" \/>\n<meta name=\"author\" content=\"titoforns\" \/>\n<meta name=\"twitter:card\" content=\"summary_large_image\" \/>\n<meta name=\"twitter:label1\" content=\"Escrito por\" \/>\n\t<meta name=\"twitter:data1\" content=\"titoforns\" \/>\n\t<meta name=\"twitter:label2\" content=\"Tiempo de lectura\" \/>\n\t<meta name=\"twitter:data2\" content=\"2 minutos\" \/>\n<script type=\"application\/ld+json\" class=\"yoast-schema-graph\">{\"@context\":\"https:\/\/schema.org\",\"@graph\":[{\"@type\":\"Organization\",\"@id\":\"http:\/\/tavfer.com\/#organization\",\"name\":\"Grupo Tavfer\",\"url\":\"http:\/\/tavfer.com\/\",\"sameAs\":[\"https:\/\/www.linkedin.com\/company\/grupo-tavfer\",\"https:\/\/www.facebook.com\/grupotavfer\/\"],\"logo\":{\"@type\":\"ImageObject\",\"inLanguage\":\"es\",\"@id\":\"http:\/\/tavfer.com\/#\/schema\/logo\/image\/\",\"url\":\"https:\/\/tavfer.com\/wp-content\/uploads\/2022\/06\/logo-2.png\",\"contentUrl\":\"https:\/\/tavfer.com\/wp-content\/uploads\/2022\/06\/logo-2.png\",\"width\":333,\"height\":90,\"caption\":\"Grupo Tavfer\"},\"image\":{\"@id\":\"http:\/\/tavfer.com\/#\/schema\/logo\/image\/\"}},{\"@type\":\"WebSite\",\"@id\":\"http:\/\/tavfer.com\/#website\",\"url\":\"http:\/\/tavfer.com\/\",\"name\":\"Tavfer\",\"description\":\"Por si, crescemos juntos\",\"publisher\":{\"@id\":\"http:\/\/tavfer.com\/#organization\"},\"potentialAction\":[{\"@type\":\"SearchAction\",\"target\":{\"@type\":\"EntryPoint\",\"urlTemplate\":\"http:\/\/tavfer.com\/?s={search_term_string}\"},\"query-input\":\"required name=search_term_string\"}],\"inLanguage\":\"es\"},{\"@type\":\"ImageObject\",\"inLanguage\":\"es\",\"@id\":\"https:\/\/tavfer.com\/es\/joao-matias-entre-los-mejores-en-el-prologo-inicial-del-tour\/#primaryimage\",\"url\":\"https:\/\/tavfer.com\/wp-content\/uploads\/2022\/08\/F1_9880.jpg\",\"contentUrl\":\"https:\/\/tavfer.com\/wp-content\/uploads\/2022\/08\/F1_9880.jpg\",\"width\":1800,\"height\":1200},{\"@type\":\"WebPage\",\"@id\":\"https:\/\/tavfer.com\/es\/joao-matias-entre-los-mejores-en-el-prologo-inicial-del-tour\/\",\"url\":\"https:\/\/tavfer.com\/es\/joao-matias-entre-los-mejores-en-el-prologo-inicial-del-tour\/\",\"name\":\"Jo\u00e3o Matias, entre los mejores en el pr\u00f3logo inicial del Tour - Tavfer\",\"isPartOf\":{\"@id\":\"http:\/\/tavfer.com\/#website\"},\"primaryImageOfPage\":{\"@id\":\"https:\/\/tavfer.com\/es\/joao-matias-entre-los-mejores-en-el-prologo-inicial-del-tour\/#primaryimage\"},\"datePublished\":\"2022-08-05T08:39:13+00:00\",\"dateModified\":\"2023-03-31T12:12:21+00:00\",\"description\":\"25 Junio 2021 Nuestro ciclista Iuri Leit\u00e3o volvi\u00f3 a ganar por segundo d\u00eda consecutivo y es maillot amarillo en la Volta ao Alentejo 2021. Enhorabuena a Iuri y a todo el equipo de TAVFER Measindot Mort\u00e1gua.\",\"breadcrumb\":{\"@id\":\"https:\/\/tavfer.com\/es\/joao-matias-entre-los-mejores-en-el-prologo-inicial-del-tour\/#breadcrumb\"},\"inLanguage\":\"es\",\"potentialAction\":[{\"@type\":\"ReadAction\",\"target\":[\"https:\/\/tavfer.com\/es\/joao-matias-entre-los-mejores-en-el-prologo-inicial-del-tour\/\"]}]},{\"@type\":\"BreadcrumbList\",\"@id\":\"https:\/\/tavfer.com\/es\/joao-matias-entre-los-mejores-en-el-prologo-inicial-del-tour\/#breadcrumb\",\"itemListElement\":[{\"@type\":\"ListItem\",\"position\":1,\"name\":\"Home\",\"item\":\"https:\/\/tavfer.com\/\"},{\"@type\":\"ListItem\",\"position\":2,\"name\":\"Jo\u00e3o Matias, entre los mejores en el pr\u00f3logo inicial del Tour\"}]},{\"@type\":\"Article\",\"@id\":\"https:\/\/tavfer.com\/es\/joao-matias-entre-los-mejores-en-el-prologo-inicial-del-tour\/#article\",\"isPartOf\":{\"@id\":\"https:\/\/tavfer.com\/es\/joao-matias-entre-los-mejores-en-el-prologo-inicial-del-tour\/\"},\"author\":{\"name\":\"titoforns\",\"@id\":\"http:\/\/tavfer.com\/#\/schema\/person\/51b13f961f84375031c081b60737cf62\"},\"headline\":\"Jo\u00e3o Matias, entre los mejores en el pr\u00f3logo inicial del Tour\",\"datePublished\":\"2022-08-05T08:39:13+00:00\",\"dateModified\":\"2023-03-31T12:12:21+00:00\",\"mainEntityOfPage\":{\"@id\":\"https:\/\/tavfer.com\/es\/joao-matias-entre-los-mejores-en-el-prologo-inicial-del-tour\/\"},\"wordCount\":512,\"commentCount\":0,\"publisher\":{\"@id\":\"http:\/\/tavfer.com\/#organization\"},\"image\":{\"@id\":\"https:\/\/tavfer.com\/es\/joao-matias-entre-los-mejores-en-el-prologo-inicial-del-tour\/#primaryimage\"},\"thumbnailUrl\":\"https:\/\/tavfer.com\/wp-content\/uploads\/2022\/08\/F1_9880.jpg\",\"articleSection\":[\"Noticias\"],\"inLanguage\":\"es\",\"potentialAction\":[{\"@type\":\"CommentAction\",\"name\":\"Comment\",\"target\":[\"https:\/\/tavfer.com\/es\/joao-matias-entre-los-mejores-en-el-prologo-inicial-del-tour\/#respond\"]}]},{\"@type\":\"Person\",\"@id\":\"http:\/\/tavfer.com\/#\/schema\/person\/51b13f961f84375031c081b60737cf62\",\"name\":\"titoforns\",\"image\":{\"@type\":\"ImageObject\",\"inLanguage\":\"es\",\"@id\":\"http:\/\/tavfer.com\/#\/schema\/person\/image\/\",\"url\":\"https:\/\/secure.gravatar.com\/avatar\/a78d8f9041cbc43fc64260822e0dc2616b2f9bc6718f42070594c6d3b43023df?s=96&d=mm&r=g\",\"contentUrl\":\"https:\/\/secure.gravatar.com\/avatar\/a78d8f9041cbc43fc64260822e0dc2616b2f9bc6718f42070594c6d3b43023df?s=96&d=mm&r=g\",\"caption\":\"titoforns\"},\"sameAs\":[\"https:\/\/grupotavfer.com\"],\"url\":\"https:\/\/tavfer.com\/es\/author\/titoforns\/\"}]}<\/script>\n<!-- \/ Yoast SEO plugin. -->","yoast_head_json":{"title":"Jo\u00e3o Matias, entre los mejores en el pr\u00f3logo inicial del Tour - Tavfer","description":"25 Junio 2021 Nuestro ciclista Iuri Leit\u00e3o volvi\u00f3 a ganar por segundo d\u00eda consecutivo y es maillot amarillo en la Volta ao Alentejo 2021. Enhorabuena a Iuri y a todo el equipo de TAVFER Measindot Mort\u00e1gua.","robots":{"index":"index","follow":"follow","max-snippet":"max-snippet:-1","max-image-preview":"max-image-preview:large","max-video-preview":"max-video-preview:-1"},"canonical":"https:\/\/tavfer.com\/es\/joao-matias-entre-los-mejores-en-el-prologo-inicial-del-tour\/","og_locale":"es_ES","og_type":"article","og_title":"Jo\u00e3o Matias, entre los mejores en el pr\u00f3logo inicial del Tour - Tavfer","og_description":"25 Junio 2021 Nuestro ciclista Iuri Leit\u00e3o volvi\u00f3 a ganar por segundo d\u00eda consecutivo y es maillot amarillo en la Volta ao Alentejo 2021. Enhorabuena a Iuri y a todo el equipo de TAVFER Measindot Mort\u00e1gua.","og_url":"https:\/\/tavfer.com\/es\/joao-matias-entre-los-mejores-en-el-prologo-inicial-del-tour\/","og_site_name":"Tavfer","article_publisher":"https:\/\/www.facebook.com\/grupotavfer\/","article_published_time":"2022-08-05T08:39:13+00:00","article_modified_time":"2023-03-31T12:12:21+00:00","og_image":[{"width":1800,"height":1200,"url":"https:\/\/tavfer.com\/wp-content\/uploads\/2022\/08\/F1_9880.jpg","type":"image\/jpeg"}],"author":"titoforns","twitter_card":"summary_large_image","twitter_misc":{"Escrito por":"titoforns","Tiempo de lectura":"2 minutos"},"schema":{"@context":"https:\/\/schema.org","@graph":[{"@type":"Organization","@id":"http:\/\/tavfer.com\/#organization","name":"Grupo Tavfer","url":"http:\/\/tavfer.com\/","sameAs":["https:\/\/www.linkedin.com\/company\/grupo-tavfer","https:\/\/www.facebook.com\/grupotavfer\/"],"logo":{"@type":"ImageObject","inLanguage":"es","@id":"http:\/\/tavfer.com\/#\/schema\/logo\/image\/","url":"https:\/\/tavfer.com\/wp-content\/uploads\/2022\/06\/logo-2.png","contentUrl":"https:\/\/tavfer.com\/wp-content\/uploads\/2022\/06\/logo-2.png","width":333,"height":90,"caption":"Grupo Tavfer"},"image":{"@id":"http:\/\/tavfer.com\/#\/schema\/logo\/image\/"}},{"@type":"WebSite","@id":"http:\/\/tavfer.com\/#website","url":"http:\/\/tavfer.com\/","name":"Tavfer","description":"Por si, crescemos juntos","publisher":{"@id":"http:\/\/tavfer.com\/#organization"},"potentialAction":[{"@type":"SearchAction","target":{"@type":"EntryPoint","urlTemplate":"http:\/\/tavfer.com\/?s={search_term_string}"},"query-input":"required name=search_term_string"}],"inLanguage":"es"},{"@type":"ImageObject","inLanguage":"es","@id":"https:\/\/tavfer.com\/es\/joao-matias-entre-los-mejores-en-el-prologo-inicial-del-tour\/#primaryimage","url":"https:\/\/tavfer.com\/wp-content\/uploads\/2022\/08\/F1_9880.jpg","contentUrl":"https:\/\/tavfer.com\/wp-content\/uploads\/2022\/08\/F1_9880.jpg","width":1800,"height":1200},{"@type":"WebPage","@id":"https:\/\/tavfer.com\/es\/joao-matias-entre-los-mejores-en-el-prologo-inicial-del-tour\/","url":"https:\/\/tavfer.com\/es\/joao-matias-entre-los-mejores-en-el-prologo-inicial-del-tour\/","name":"Jo\u00e3o Matias, entre los mejores en el pr\u00f3logo inicial del Tour - Tavfer","isPartOf":{"@id":"http:\/\/tavfer.com\/#website"},"primaryImageOfPage":{"@id":"https:\/\/tavfer.com\/es\/joao-matias-entre-los-mejores-en-el-prologo-inicial-del-tour\/#primaryimage"},"datePublished":"2022-08-05T08:39:13+00:00","dateModified":"2023-03-31T12:12:21+00:00","description":"25 Junio 2021 Nuestro ciclista Iuri Leit\u00e3o volvi\u00f3 a ganar por segundo d\u00eda consecutivo y es maillot amarillo en la Volta ao Alentejo 2021. Enhorabuena a Iuri y a todo el equipo de TAVFER Measindot Mort\u00e1gua.","breadcrumb":{"@id":"https:\/\/tavfer.com\/es\/joao-matias-entre-los-mejores-en-el-prologo-inicial-del-tour\/#breadcrumb"},"inLanguage":"es","potentialAction":[{"@type":"ReadAction","target":["https:\/\/tavfer.com\/es\/joao-matias-entre-los-mejores-en-el-prologo-inicial-del-tour\/"]}]},{"@type":"BreadcrumbList","@id":"https:\/\/tavfer.com\/es\/joao-matias-entre-los-mejores-en-el-prologo-inicial-del-tour\/#breadcrumb","itemListElement":[{"@type":"ListItem","position":1,"name":"Home","item":"https:\/\/tavfer.com\/"},{"@type":"ListItem","position":2,"name":"Jo\u00e3o Matias, entre los mejores en el pr\u00f3logo inicial del Tour"}]},{"@type":"Article","@id":"https:\/\/tavfer.com\/es\/joao-matias-entre-los-mejores-en-el-prologo-inicial-del-tour\/#article","isPartOf":{"@id":"https:\/\/tavfer.com\/es\/joao-matias-entre-los-mejores-en-el-prologo-inicial-del-tour\/"},"author":{"name":"titoforns","@id":"http:\/\/tavfer.com\/#\/schema\/person\/51b13f961f84375031c081b60737cf62"},"headline":"Jo\u00e3o Matias, entre los mejores en el pr\u00f3logo inicial del Tour","datePublished":"2022-08-05T08:39:13+00:00","dateModified":"2023-03-31T12:12:21+00:00","mainEntityOfPage":{"@id":"https:\/\/tavfer.com\/es\/joao-matias-entre-los-mejores-en-el-prologo-inicial-del-tour\/"},"wordCount":512,"commentCount":0,"publisher":{"@id":"http:\/\/tavfer.com\/#organization"},"image":{"@id":"https:\/\/tavfer.com\/es\/joao-matias-entre-los-mejores-en-el-prologo-inicial-del-tour\/#primaryimage"},"thumbnailUrl":"https:\/\/tavfer.com\/wp-content\/uploads\/2022\/08\/F1_9880.jpg","articleSection":["Noticias"],"inLanguage":"es","potentialAction":[{"@type":"CommentAction","name":"Comment","target":["https:\/\/tavfer.com\/es\/joao-matias-entre-los-mejores-en-el-prologo-inicial-del-tour\/#respond"]}]},{"@type":"Person","@id":"http:\/\/tavfer.com\/#\/schema\/person\/51b13f961f84375031c081b60737cf62","name":"titoforns","image":{"@type":"ImageObject","inLanguage":"es","@id":"http:\/\/tavfer.com\/#\/schema\/person\/image\/","url":"https:\/\/secure.gravatar.com\/avatar\/a78d8f9041cbc43fc64260822e0dc2616b2f9bc6718f42070594c6d3b43023df?s=96&d=mm&r=g","contentUrl":"https:\/\/secure.gravatar.com\/avatar\/a78d8f9041cbc43fc64260822e0dc2616b2f9bc6718f42070594c6d3b43023df?s=96&d=mm&r=g","caption":"titoforns"},"sameAs":["https:\/\/grupotavfer.com"],"url":"https:\/\/tavfer.com\/es\/author\/titoforns\/"}]}},"_links":{"self":[{"href":"https:\/\/tavfer.com\/es\/wp-json\/wp\/v2\/posts\/1772","targetHints":{"allow":["GET"]}}],"collection":[{"href":"https:\/\/tavfer.com\/es\/wp-json\/wp\/v2\/posts"}],"about":[{"href":"https:\/\/tavfer.com\/es\/wp-json\/wp\/v2\/types\/post"}],"author":[{"embeddable":true,"href":"https:\/\/tavfer.com\/es\/wp-json\/wp\/v2\/users\/1"}],"replies":[{"embeddable":true,"href":"https:\/\/tavfer.com\/es\/wp-json\/wp\/v2\/comments?post=1772"}],"version-history":[{"count":2,"href":"https:\/\/tavfer.com\/es\/wp-json\/wp\/v2\/posts\/1772\/revisions"}],"predecessor-version":[{"id":2106,"href":"https:\/\/tavfer.com\/es\/wp-json\/wp\/v2\/posts\/1772\/revisions\/2106"}],"wp:featuredmedia":[{"embeddable":true,"href":"https:\/\/tavfer.com\/es\/wp-json\/wp\/v2\/media\/1497"}],"wp:attachment":[{"href":"https:\/\/tavfer.com\/es\/wp-json\/wp\/v2\/media?parent=1772"}],"wp:term":[{"taxonomy":"category","embeddable":true,"href":"https:\/\/tavfer.com\/es\/wp-json\/wp\/v2\/categories?post=1772"},{"taxonomy":"post_tag","embeddable":true,"href":"https:\/\/tavfer.com\/es\/wp-json\/wp\/v2\/tags?post=1772"}],"curies":[{"name":"wp","href":"https:\/\/api.w.org\/{rel}","templated":true}]}}