{"id":1787,"date":"2022-08-05T08:39:13","date_gmt":"2022-08-05T08:39:13","guid":{"rendered":"https:\/\/tavfer.com\/joao-matias-parmi-les-meilleurs-dans-le-premier-prologue-du-tour\/"},"modified":"2023-03-31T12:12:21","modified_gmt":"2023-03-31T12:12:21","slug":"joao-matias-parmi-les-meilleurs-dans-le-premier-prologue-du-tour","status":"publish","type":"post","link":"https:\/\/tavfer.com\/fr\/joao-matias-parmi-les-meilleurs-dans-le-premier-prologue-du-tour\/","title":{"rendered":"Jo\u00e3o Matias parmi les meilleurs dans le premier prologue du Tour"},"content":{"rendered":"<p>[et_pb_section fb_built=&#8221;1&#8243; _builder_version=&#8221;4.16&#8243; global_colors_info=&#8221;{}&#8221; theme_builder_area=&#8221;post_content&#8221;][et_pb_row _builder_version=&#8221;4.17.6&#8243; background_size=&#8221;initial&#8221; background_position=&#8221;top_left&#8221; background_repeat=&#8221;repeat&#8221; width=&#8221;100%&#8221; global_colors_info=&#8221;{}&#8221; theme_builder_area=&#8221;post_content&#8221;][et_pb_column type=&#8221;4_4&#8243; _builder_version=&#8221;4.16&#8243; custom_padding=&#8221;|||&#8221; global_colors_info=&#8221;{}&#8221; custom_padding__hover=&#8221;|||&#8221; theme_builder_area=&#8221;post_content&#8221;][et_pb_text _builder_version=&#8221;4.17.6&#8243; background_size=&#8221;initial&#8221; background_position=&#8221;top_left&#8221; background_repeat=&#8221;repeat&#8221; hover_enabled=&#8221;0&#8243; global_colors_info=&#8221;{}&#8221; theme_builder_area=&#8221;post_content&#8221; sticky_enabled=&#8221;0&#8243;]<\/p>\n<p>Jeudi 4 ao\u00fbt 2022<\/p>\n<p><!-- \/divi:paragraph --><\/p>\n<p><!-- divi:paragraph --><\/p>\n<p><!-- \/divi:paragraph --><\/p>\n<p>[\/et_pb_text][et_pb_text _builder_version=&#8221;4.17.6&#8243; background_size=&#8221;initial&#8221; background_position=&#8221;top_left&#8221; background_repeat=&#8221;repeat&#8221; hover_enabled=&#8221;0&#8243; global_colors_info=&#8221;{}&#8221; theme_builder_area=&#8221;post_content&#8221; sticky_enabled=&#8221;0&#8243;]<\/p>\n<p>L&#8217;\u00e9quipe continentale UCI Tavfer-Mort\u00e1gua-Ovos Matinados a termin\u00e9 aujourd&#8217;hui sa participation au Prologue du Tour du Portugal, une courte liaison de 5,4 kilom\u00e8tres partant et arrivant \u00e0 Lisbonne.<\/p>\n<p>Nos coureurs ont particip\u00e9 comme pr\u00e9vu, Jo\u00e3o Matias, gr\u00e2ce \u00e0 son exp\u00e9rience en cyclisme sur piste, \u00e9tant le coureur le plus adapt\u00e9 \u00e0 cette journ\u00e9e. Il a r\u00e9alis\u00e9 une tr\u00e8s bonne performance et a enregistr\u00e9 un temps final de 6m33s, restant \u00e0 22 secondes du vainqueur du jour, Rafael Reis (Glassdrive\/Q8\/Anicolor).<\/p>\n<p>Tous les autres coureurs ont termin\u00e9 cette premi\u00e8re journ\u00e9e sans encombre, gardant ainsi intactes toutes les aspirations en termes de classement g\u00e9n\u00e9ral.<\/p>\n<p>La premi\u00e8re \u00e9tape en ligne, qui aura lieu ce vendredi, est la plus longue de toute la course. Le d\u00e9part sera donn\u00e9 \u00e0 12h25, \u00e0 Vila Franca de Xira, et l&#8217;arriv\u00e9e \u00e0 Elvas est pr\u00e9vue \u00e0 17h30, apr\u00e8s avoir parcouru 193,5 kilom\u00e8tres. Il y aura un premier passage sur la ligne d&#8217;arriv\u00e9e, \u00e0 10,1 kilom\u00e8tres de la fin. Le parcours, au milieu de l&#8217;Alentejo, est essentiellement plat, bien qu&#8217;il comprenne deux montagnes de quatri\u00e8me cat\u00e9gorie.<\/p>\n<p><strong><\/strong><\/p>\n<p><strong><\/strong><\/p>\n<p><strong>Classification des \u00e9tapes  <\/strong><\/p>\n<p>Lisbonne &#8211; Lisbonne : 5.4 Kms<\/p>\n<p>1er Rafael Reis (Glassdrive\/Q8\/Anicolor), 6m11s<\/p>\n<p>24\u00e8me Jo\u00e3o Matias (Tavfer-Mort\u00e1gua-Ovos Matinados), 22s<\/p>\n<p>56e Ant\u00f3nio Barbio (Tavfer-Mort\u00e1gua-Ovos Matinados), 32s<\/p>\n<p>61e Gon\u00e7alo Amado (Tavfer-Mort\u00e1gua-Ovos Matinados), 34s<\/p>\n<p>62e Gon\u00e7alo Carvalho (Tavfer-Mort\u00e1gua-Ovos Matinados), 35s<\/p>\n<p>76e Rui Carvalho (Tavfer-Mort\u00e1gua-Ovos Matinados), 42s<\/p>\n<p>92e place \u00c1ngel Sanchez (Tavfer-Mort\u00e1gua-Ovos Matinados), 43s<\/p>\n<p>&nbsp;<\/p>\n<p><strong>  Classement des \u00e9quipes  <\/strong><\/p>\n<p>1er Glassdrive\/Q8\/Anicolor, 18m59s<\/p>\n<p>11\u00e8me Tavfer-Mort\u00e1gua-Ovos Matinados, 1m02<\/p>\n<p><!-- \/divi:paragraph --><\/p>\n<p><!-- divi:paragraph --><\/p>\n<p><!-- \/divi:paragraph --><\/p>\n<p>[\/et_pb_text][\/et_pb_column][\/et_pb_row][\/et_pb_section][et_pb_section fb_built=&#8221;1&#8243; _builder_version=&#8221;4.17.6&#8243; _module_preset=&#8221;default&#8221; global_colors_info=&#8221;{}&#8221; theme_builder_area=&#8221;post_content&#8221;][et_pb_row _builder_version=&#8221;4.17.6&#8243; _module_preset=&#8221;default&#8221; width=&#8221;100%&#8221; global_colors_info=&#8221;{}&#8221; theme_builder_area=&#8221;post_content&#8221;][et_pb_column type=&#8221;4_4&#8243; _builder_version=&#8221;4.17.6&#8243; _module_preset=&#8221;default&#8221; global_colors_info=&#8221;{}&#8221; theme_builder_area=&#8221;post_content&#8221;][et_pb_gallery gallery_ids=&#8221;989,988,987,986,985,984,983&#8243; fullwidth=&#8221;on&#8221; _builder_version=&#8221;4.17.6&#8243; _module_preset=&#8221;default&#8221; width=&#8221;100%&#8221; module_alignment=&#8221;center&#8221; hover_enabled=&#8221;0&#8243; border_radii=&#8221;on|10px|10px|10px|10px&#8221; global_colors_info=&#8221;{}&#8221; theme_builder_area=&#8221;post_content&#8221; sticky_enabled=&#8221;0&#8243;][\/et_pb_gallery][\/et_pb_column][\/et_pb_row][\/et_pb_section]<\/p>\n","protected":false},"excerpt":{"rendered":"<p>25 juin 2021 Notre cycliste Iuri Leit\u00e3o remporte pour la deuxi\u00e8me journ\u00e9e cons\u00e9cutive le maillot jaune de la Volta ao Alentejo 2021. F\u00e9licitations \u00e0 Iuri et \u00e0 toute l&#8217;\u00e9quipe de TAVFER Measindot Mort\u00e1gua.<\/p>\n","protected":false},"author":1,"featured_media":1496,"comment_status":"open","ping_status":"closed","sticky":false,"template":"","format":"standard","meta":{"_et_pb_use_builder":"on","_et_pb_old_content":"","_et_gb_content_width":"","om_disable_all_campaigns":false,"_monsterinsights_skip_tracking":false,"_monsterinsights_sitenote_active":false,"_monsterinsights_sitenote_note":"","_monsterinsights_sitenote_category":0,"footnotes":""},"categories":[35],"tags":[],"class_list":["post-1787","post","type-post","status-publish","format-standard","has-post-thumbnail","hentry","category-actualites"],"acf":[],"aioseo_notices":[],"yoast_head":"<!-- This site is optimized with the Yoast SEO plugin v19.3 - https:\/\/yoast.com\/wordpress\/plugins\/seo\/ -->\n<title>Jo\u00e3o Matias parmi les meilleurs dans le premier prologue du Tour - Tavfer<\/title>\n<meta name=\"description\" content=\"25 juin 2021 Notre cycliste Iuri Leit\u00e3o remporte pour la deuxi\u00e8me journ\u00e9e cons\u00e9cutive le maillot jaune de la Volta ao Alentejo 2021. F\u00e9licitations \u00e0 Iuri et \u00e0 toute l&#039;\u00e9quipe de TAVFER Measindot Mort\u00e1gua.\" \/>\n<meta name=\"robots\" content=\"index, follow, max-snippet:-1, max-image-preview:large, max-video-preview:-1\" \/>\n<link rel=\"canonical\" href=\"https:\/\/tavfer.com\/fr\/joao-matias-parmi-les-meilleurs-dans-le-premier-prologue-du-tour\/\" \/>\n<meta property=\"og:locale\" content=\"fr_FR\" \/>\n<meta property=\"og:type\" content=\"article\" \/>\n<meta property=\"og:title\" content=\"Jo\u00e3o Matias parmi les meilleurs dans le premier prologue du Tour - Tavfer\" \/>\n<meta property=\"og:description\" content=\"25 juin 2021 Notre cycliste Iuri Leit\u00e3o remporte pour la deuxi\u00e8me journ\u00e9e cons\u00e9cutive le maillot jaune de la Volta ao Alentejo 2021. F\u00e9licitations \u00e0 Iuri et \u00e0 toute l&#039;\u00e9quipe de TAVFER Measindot Mort\u00e1gua.\" \/>\n<meta property=\"og:url\" content=\"https:\/\/tavfer.com\/fr\/joao-matias-parmi-les-meilleurs-dans-le-premier-prologue-du-tour\/\" \/>\n<meta property=\"og:site_name\" content=\"Tavfer\" \/>\n<meta property=\"article:publisher\" content=\"https:\/\/www.facebook.com\/grupotavfer\/\" \/>\n<meta property=\"article:published_time\" content=\"2022-08-05T08:39:13+00:00\" \/>\n<meta property=\"article:modified_time\" content=\"2023-03-31T12:12:21+00:00\" \/>\n<meta property=\"og:image\" content=\"https:\/\/tavfer.com\/wp-content\/uploads\/2022\/08\/F1_9880.jpg\" \/>\n\t<meta property=\"og:image:width\" content=\"1800\" \/>\n\t<meta property=\"og:image:height\" content=\"1200\" \/>\n\t<meta property=\"og:image:type\" content=\"image\/jpeg\" \/>\n<meta name=\"author\" content=\"titoforns\" \/>\n<meta name=\"twitter:card\" content=\"summary_large_image\" \/>\n<meta name=\"twitter:label1\" content=\"\u00c9crit par\" \/>\n\t<meta name=\"twitter:data1\" content=\"titoforns\" \/>\n\t<meta name=\"twitter:label2\" content=\"Dur\u00e9e de lecture estim\u00e9e\" \/>\n\t<meta name=\"twitter:data2\" content=\"2 minutes\" \/>\n<script type=\"application\/ld+json\" class=\"yoast-schema-graph\">{\"@context\":\"https:\/\/schema.org\",\"@graph\":[{\"@type\":\"Organization\",\"@id\":\"http:\/\/tavfer.com\/#organization\",\"name\":\"Grupo Tavfer\",\"url\":\"http:\/\/tavfer.com\/\",\"sameAs\":[\"https:\/\/www.linkedin.com\/company\/grupo-tavfer\",\"https:\/\/www.facebook.com\/grupotavfer\/\"],\"logo\":{\"@type\":\"ImageObject\",\"inLanguage\":\"fr-FR\",\"@id\":\"http:\/\/tavfer.com\/#\/schema\/logo\/image\/\",\"url\":\"https:\/\/tavfer.com\/wp-content\/uploads\/2022\/06\/logo-2.png\",\"contentUrl\":\"https:\/\/tavfer.com\/wp-content\/uploads\/2022\/06\/logo-2.png\",\"width\":333,\"height\":90,\"caption\":\"Grupo Tavfer\"},\"image\":{\"@id\":\"http:\/\/tavfer.com\/#\/schema\/logo\/image\/\"}},{\"@type\":\"WebSite\",\"@id\":\"http:\/\/tavfer.com\/#website\",\"url\":\"http:\/\/tavfer.com\/\",\"name\":\"Tavfer\",\"description\":\"Por si, crescemos juntos\",\"publisher\":{\"@id\":\"http:\/\/tavfer.com\/#organization\"},\"potentialAction\":[{\"@type\":\"SearchAction\",\"target\":{\"@type\":\"EntryPoint\",\"urlTemplate\":\"http:\/\/tavfer.com\/?s={search_term_string}\"},\"query-input\":\"required name=search_term_string\"}],\"inLanguage\":\"fr-FR\"},{\"@type\":\"ImageObject\",\"inLanguage\":\"fr-FR\",\"@id\":\"https:\/\/tavfer.com\/fr\/joao-matias-parmi-les-meilleurs-dans-le-premier-prologue-du-tour\/#primaryimage\",\"url\":\"https:\/\/tavfer.com\/wp-content\/uploads\/2022\/08\/F1_9880.jpg\",\"contentUrl\":\"https:\/\/tavfer.com\/wp-content\/uploads\/2022\/08\/F1_9880.jpg\",\"width\":1800,\"height\":1200},{\"@type\":\"WebPage\",\"@id\":\"https:\/\/tavfer.com\/fr\/joao-matias-parmi-les-meilleurs-dans-le-premier-prologue-du-tour\/\",\"url\":\"https:\/\/tavfer.com\/fr\/joao-matias-parmi-les-meilleurs-dans-le-premier-prologue-du-tour\/\",\"name\":\"Jo\u00e3o Matias parmi les meilleurs dans le premier prologue du Tour - Tavfer\",\"isPartOf\":{\"@id\":\"http:\/\/tavfer.com\/#website\"},\"primaryImageOfPage\":{\"@id\":\"https:\/\/tavfer.com\/fr\/joao-matias-parmi-les-meilleurs-dans-le-premier-prologue-du-tour\/#primaryimage\"},\"datePublished\":\"2022-08-05T08:39:13+00:00\",\"dateModified\":\"2023-03-31T12:12:21+00:00\",\"description\":\"25 juin 2021 Notre cycliste Iuri Leit\u00e3o remporte pour la deuxi\u00e8me journ\u00e9e cons\u00e9cutive le maillot jaune de la Volta ao Alentejo 2021. F\u00e9licitations \u00e0 Iuri et \u00e0 toute l'\u00e9quipe de TAVFER Measindot Mort\u00e1gua.\",\"breadcrumb\":{\"@id\":\"https:\/\/tavfer.com\/fr\/joao-matias-parmi-les-meilleurs-dans-le-premier-prologue-du-tour\/#breadcrumb\"},\"inLanguage\":\"fr-FR\",\"potentialAction\":[{\"@type\":\"ReadAction\",\"target\":[\"https:\/\/tavfer.com\/fr\/joao-matias-parmi-les-meilleurs-dans-le-premier-prologue-du-tour\/\"]}]},{\"@type\":\"BreadcrumbList\",\"@id\":\"https:\/\/tavfer.com\/fr\/joao-matias-parmi-les-meilleurs-dans-le-premier-prologue-du-tour\/#breadcrumb\",\"itemListElement\":[{\"@type\":\"ListItem\",\"position\":1,\"name\":\"Home\",\"item\":\"https:\/\/tavfer.com\/\"},{\"@type\":\"ListItem\",\"position\":2,\"name\":\"Jo\u00e3o Matias parmi les meilleurs dans le premier prologue du Tour\"}]},{\"@type\":\"Article\",\"@id\":\"https:\/\/tavfer.com\/fr\/joao-matias-parmi-les-meilleurs-dans-le-premier-prologue-du-tour\/#article\",\"isPartOf\":{\"@id\":\"https:\/\/tavfer.com\/fr\/joao-matias-parmi-les-meilleurs-dans-le-premier-prologue-du-tour\/\"},\"author\":{\"name\":\"titoforns\",\"@id\":\"http:\/\/tavfer.com\/#\/schema\/person\/51b13f961f84375031c081b60737cf62\"},\"headline\":\"Jo\u00e3o Matias parmi les meilleurs dans le premier prologue du Tour\",\"datePublished\":\"2022-08-05T08:39:13+00:00\",\"dateModified\":\"2023-03-31T12:12:21+00:00\",\"mainEntityOfPage\":{\"@id\":\"https:\/\/tavfer.com\/fr\/joao-matias-parmi-les-meilleurs-dans-le-premier-prologue-du-tour\/\"},\"wordCount\":507,\"commentCount\":0,\"publisher\":{\"@id\":\"http:\/\/tavfer.com\/#organization\"},\"image\":{\"@id\":\"https:\/\/tavfer.com\/fr\/joao-matias-parmi-les-meilleurs-dans-le-premier-prologue-du-tour\/#primaryimage\"},\"thumbnailUrl\":\"https:\/\/tavfer.com\/wp-content\/uploads\/2022\/08\/F1_9880.jpg\",\"articleSection\":[\"Actualit\u00e9s\"],\"inLanguage\":\"fr-FR\",\"potentialAction\":[{\"@type\":\"CommentAction\",\"name\":\"Comment\",\"target\":[\"https:\/\/tavfer.com\/fr\/joao-matias-parmi-les-meilleurs-dans-le-premier-prologue-du-tour\/#respond\"]}]},{\"@type\":\"Person\",\"@id\":\"http:\/\/tavfer.com\/#\/schema\/person\/51b13f961f84375031c081b60737cf62\",\"name\":\"titoforns\",\"image\":{\"@type\":\"ImageObject\",\"inLanguage\":\"fr-FR\",\"@id\":\"http:\/\/tavfer.com\/#\/schema\/person\/image\/\",\"url\":\"https:\/\/secure.gravatar.com\/avatar\/a78d8f9041cbc43fc64260822e0dc2616b2f9bc6718f42070594c6d3b43023df?s=96&d=mm&r=g\",\"contentUrl\":\"https:\/\/secure.gravatar.com\/avatar\/a78d8f9041cbc43fc64260822e0dc2616b2f9bc6718f42070594c6d3b43023df?s=96&d=mm&r=g\",\"caption\":\"titoforns\"},\"sameAs\":[\"https:\/\/grupotavfer.com\"],\"url\":\"https:\/\/tavfer.com\/fr\/author\/titoforns\/\"}]}<\/script>\n<!-- \/ Yoast SEO plugin. -->","yoast_head_json":{"title":"Jo\u00e3o Matias parmi les meilleurs dans le premier prologue du Tour - Tavfer","description":"25 juin 2021 Notre cycliste Iuri Leit\u00e3o remporte pour la deuxi\u00e8me journ\u00e9e cons\u00e9cutive le maillot jaune de la Volta ao Alentejo 2021. F\u00e9licitations \u00e0 Iuri et \u00e0 toute l'\u00e9quipe de TAVFER Measindot Mort\u00e1gua.","robots":{"index":"index","follow":"follow","max-snippet":"max-snippet:-1","max-image-preview":"max-image-preview:large","max-video-preview":"max-video-preview:-1"},"canonical":"https:\/\/tavfer.com\/fr\/joao-matias-parmi-les-meilleurs-dans-le-premier-prologue-du-tour\/","og_locale":"fr_FR","og_type":"article","og_title":"Jo\u00e3o Matias parmi les meilleurs dans le premier prologue du Tour - Tavfer","og_description":"25 juin 2021 Notre cycliste Iuri Leit\u00e3o remporte pour la deuxi\u00e8me journ\u00e9e cons\u00e9cutive le maillot jaune de la Volta ao Alentejo 2021. F\u00e9licitations \u00e0 Iuri et \u00e0 toute l'\u00e9quipe de TAVFER Measindot Mort\u00e1gua.","og_url":"https:\/\/tavfer.com\/fr\/joao-matias-parmi-les-meilleurs-dans-le-premier-prologue-du-tour\/","og_site_name":"Tavfer","article_publisher":"https:\/\/www.facebook.com\/grupotavfer\/","article_published_time":"2022-08-05T08:39:13+00:00","article_modified_time":"2023-03-31T12:12:21+00:00","og_image":[{"width":1800,"height":1200,"url":"https:\/\/tavfer.com\/wp-content\/uploads\/2022\/08\/F1_9880.jpg","type":"image\/jpeg"}],"author":"titoforns","twitter_card":"summary_large_image","twitter_misc":{"\u00c9crit par":"titoforns","Dur\u00e9e de lecture estim\u00e9e":"2 minutes"},"schema":{"@context":"https:\/\/schema.org","@graph":[{"@type":"Organization","@id":"http:\/\/tavfer.com\/#organization","name":"Grupo Tavfer","url":"http:\/\/tavfer.com\/","sameAs":["https:\/\/www.linkedin.com\/company\/grupo-tavfer","https:\/\/www.facebook.com\/grupotavfer\/"],"logo":{"@type":"ImageObject","inLanguage":"fr-FR","@id":"http:\/\/tavfer.com\/#\/schema\/logo\/image\/","url":"https:\/\/tavfer.com\/wp-content\/uploads\/2022\/06\/logo-2.png","contentUrl":"https:\/\/tavfer.com\/wp-content\/uploads\/2022\/06\/logo-2.png","width":333,"height":90,"caption":"Grupo Tavfer"},"image":{"@id":"http:\/\/tavfer.com\/#\/schema\/logo\/image\/"}},{"@type":"WebSite","@id":"http:\/\/tavfer.com\/#website","url":"http:\/\/tavfer.com\/","name":"Tavfer","description":"Por si, crescemos juntos","publisher":{"@id":"http:\/\/tavfer.com\/#organization"},"potentialAction":[{"@type":"SearchAction","target":{"@type":"EntryPoint","urlTemplate":"http:\/\/tavfer.com\/?s={search_term_string}"},"query-input":"required name=search_term_string"}],"inLanguage":"fr-FR"},{"@type":"ImageObject","inLanguage":"fr-FR","@id":"https:\/\/tavfer.com\/fr\/joao-matias-parmi-les-meilleurs-dans-le-premier-prologue-du-tour\/#primaryimage","url":"https:\/\/tavfer.com\/wp-content\/uploads\/2022\/08\/F1_9880.jpg","contentUrl":"https:\/\/tavfer.com\/wp-content\/uploads\/2022\/08\/F1_9880.jpg","width":1800,"height":1200},{"@type":"WebPage","@id":"https:\/\/tavfer.com\/fr\/joao-matias-parmi-les-meilleurs-dans-le-premier-prologue-du-tour\/","url":"https:\/\/tavfer.com\/fr\/joao-matias-parmi-les-meilleurs-dans-le-premier-prologue-du-tour\/","name":"Jo\u00e3o Matias parmi les meilleurs dans le premier prologue du Tour - Tavfer","isPartOf":{"@id":"http:\/\/tavfer.com\/#website"},"primaryImageOfPage":{"@id":"https:\/\/tavfer.com\/fr\/joao-matias-parmi-les-meilleurs-dans-le-premier-prologue-du-tour\/#primaryimage"},"datePublished":"2022-08-05T08:39:13+00:00","dateModified":"2023-03-31T12:12:21+00:00","description":"25 juin 2021 Notre cycliste Iuri Leit\u00e3o remporte pour la deuxi\u00e8me journ\u00e9e cons\u00e9cutive le maillot jaune de la Volta ao Alentejo 2021. F\u00e9licitations \u00e0 Iuri et \u00e0 toute l'\u00e9quipe de TAVFER Measindot Mort\u00e1gua.","breadcrumb":{"@id":"https:\/\/tavfer.com\/fr\/joao-matias-parmi-les-meilleurs-dans-le-premier-prologue-du-tour\/#breadcrumb"},"inLanguage":"fr-FR","potentialAction":[{"@type":"ReadAction","target":["https:\/\/tavfer.com\/fr\/joao-matias-parmi-les-meilleurs-dans-le-premier-prologue-du-tour\/"]}]},{"@type":"BreadcrumbList","@id":"https:\/\/tavfer.com\/fr\/joao-matias-parmi-les-meilleurs-dans-le-premier-prologue-du-tour\/#breadcrumb","itemListElement":[{"@type":"ListItem","position":1,"name":"Home","item":"https:\/\/tavfer.com\/"},{"@type":"ListItem","position":2,"name":"Jo\u00e3o Matias parmi les meilleurs dans le premier prologue du Tour"}]},{"@type":"Article","@id":"https:\/\/tavfer.com\/fr\/joao-matias-parmi-les-meilleurs-dans-le-premier-prologue-du-tour\/#article","isPartOf":{"@id":"https:\/\/tavfer.com\/fr\/joao-matias-parmi-les-meilleurs-dans-le-premier-prologue-du-tour\/"},"author":{"name":"titoforns","@id":"http:\/\/tavfer.com\/#\/schema\/person\/51b13f961f84375031c081b60737cf62"},"headline":"Jo\u00e3o Matias parmi les meilleurs dans le premier prologue du Tour","datePublished":"2022-08-05T08:39:13+00:00","dateModified":"2023-03-31T12:12:21+00:00","mainEntityOfPage":{"@id":"https:\/\/tavfer.com\/fr\/joao-matias-parmi-les-meilleurs-dans-le-premier-prologue-du-tour\/"},"wordCount":507,"commentCount":0,"publisher":{"@id":"http:\/\/tavfer.com\/#organization"},"image":{"@id":"https:\/\/tavfer.com\/fr\/joao-matias-parmi-les-meilleurs-dans-le-premier-prologue-du-tour\/#primaryimage"},"thumbnailUrl":"https:\/\/tavfer.com\/wp-content\/uploads\/2022\/08\/F1_9880.jpg","articleSection":["Actualit\u00e9s"],"inLanguage":"fr-FR","potentialAction":[{"@type":"CommentAction","name":"Comment","target":["https:\/\/tavfer.com\/fr\/joao-matias-parmi-les-meilleurs-dans-le-premier-prologue-du-tour\/#respond"]}]},{"@type":"Person","@id":"http:\/\/tavfer.com\/#\/schema\/person\/51b13f961f84375031c081b60737cf62","name":"titoforns","image":{"@type":"ImageObject","inLanguage":"fr-FR","@id":"http:\/\/tavfer.com\/#\/schema\/person\/image\/","url":"https:\/\/secure.gravatar.com\/avatar\/a78d8f9041cbc43fc64260822e0dc2616b2f9bc6718f42070594c6d3b43023df?s=96&d=mm&r=g","contentUrl":"https:\/\/secure.gravatar.com\/avatar\/a78d8f9041cbc43fc64260822e0dc2616b2f9bc6718f42070594c6d3b43023df?s=96&d=mm&r=g","caption":"titoforns"},"sameAs":["https:\/\/grupotavfer.com"],"url":"https:\/\/tavfer.com\/fr\/author\/titoforns\/"}]}},"_links":{"self":[{"href":"https:\/\/tavfer.com\/fr\/wp-json\/wp\/v2\/posts\/1787","targetHints":{"allow":["GET"]}}],"collection":[{"href":"https:\/\/tavfer.com\/fr\/wp-json\/wp\/v2\/posts"}],"about":[{"href":"https:\/\/tavfer.com\/fr\/wp-json\/wp\/v2\/types\/post"}],"author":[{"embeddable":true,"href":"https:\/\/tavfer.com\/fr\/wp-json\/wp\/v2\/users\/1"}],"replies":[{"embeddable":true,"href":"https:\/\/tavfer.com\/fr\/wp-json\/wp\/v2\/comments?post=1787"}],"version-history":[{"count":2,"href":"https:\/\/tavfer.com\/fr\/wp-json\/wp\/v2\/posts\/1787\/revisions"}],"predecessor-version":[{"id":2080,"href":"https:\/\/tavfer.com\/fr\/wp-json\/wp\/v2\/posts\/1787\/revisions\/2080"}],"wp:featuredmedia":[{"embeddable":true,"href":"https:\/\/tavfer.com\/fr\/wp-json\/wp\/v2\/media\/1496"}],"wp:attachment":[{"href":"https:\/\/tavfer.com\/fr\/wp-json\/wp\/v2\/media?parent=1787"}],"wp:term":[{"taxonomy":"category","embeddable":true,"href":"https:\/\/tavfer.com\/fr\/wp-json\/wp\/v2\/categories?post=1787"},{"taxonomy":"post_tag","embeddable":true,"href":"https:\/\/tavfer.com\/fr\/wp-json\/wp\/v2\/tags?post=1787"}],"curies":[{"name":"wp","href":"https:\/\/api.w.org\/{rel}","templated":true}]}}