{"id":1817,"date":"2022-08-08T07:53:57","date_gmt":"2022-08-08T07:53:57","guid":{"rendered":"https:\/\/tavfer.com\/joao-matias-sprinte-pour-prendre-la-4eme-place-a-elvas-apres-un-excellent-travail-collectif\/"},"modified":"2023-03-31T12:12:20","modified_gmt":"2023-03-31T12:12:20","slug":"joao-matias-sprinte-pour-prendre-la-4eme-place-a-elvas-apres-un-excellent-travail-collectif","status":"publish","type":"post","link":"https:\/\/tavfer.com\/fr\/joao-matias-sprinte-pour-prendre-la-4eme-place-a-elvas-apres-un-excellent-travail-collectif\/","title":{"rendered":"Jo\u00e3o Matias sprinte pour prendre la 4\u00e8me place \u00e0 Elvas apr\u00e8s un excellent travail collectif"},"content":{"rendered":"<p>[et_pb_section fb_built=&#8221;1&#8243; _builder_version=&#8221;4.16&#8243; global_colors_info=&#8221;{}&#8221; theme_builder_area=&#8221;post_content&#8221;][et_pb_row _builder_version=&#8221;4.17.6&#8243; background_size=&#8221;initial&#8221; background_position=&#8221;top_left&#8221; background_repeat=&#8221;repeat&#8221; width=&#8221;100%&#8221; global_colors_info=&#8221;{}&#8221; theme_builder_area=&#8221;post_content&#8221;][et_pb_column type=&#8221;4_4&#8243; _builder_version=&#8221;4.16&#8243; custom_padding=&#8221;|||&#8221; global_colors_info=&#8221;{}&#8221; custom_padding__hover=&#8221;|||&#8221; theme_builder_area=&#8221;post_content&#8221;][et_pb_text _builder_version=&#8221;4.17.6&#8243; background_size=&#8221;initial&#8221; background_position=&#8221;top_left&#8221; background_repeat=&#8221;repeat&#8221; hover_enabled=&#8221;0&#8243; global_colors_info=&#8221;{}&#8221; theme_builder_area=&#8221;post_content&#8221; sticky_enabled=&#8221;0&#8243;]<\/p>\n<p class=\"p1\"><i>Vendredi 5 ao\u00fbt 2022<\/i><\/p>\n<p><!-- \/divi:paragraph --><\/p>\n<p><!-- divi:paragraph --><\/p>\n<p><!-- \/divi:paragraph --><\/p>\n<p>[\/et_pb_text][et_pb_text _builder_version=&#8221;4.17.6&#8243; background_size=&#8221;initial&#8221; background_position=&#8221;top_left&#8221; background_repeat=&#8221;repeat&#8221; hover_enabled=&#8221;0&#8243; global_colors_info=&#8221;{}&#8221; theme_builder_area=&#8221;post_content&#8221; sticky_enabled=&#8221;0&#8243;]<\/p>\n<p class=\"p1\">L&#8217;\u00e9quipe continentale UCI Tavfer-Mort\u00e1gua-Ovos Matinados a termin\u00e9 aujourd&#8217;hui sa participation \u00e0 la 1\u00e8re \u00e9tape du Tour du Portugal, une liaison de 193,5 kilom\u00e8tres, qui a d\u00e9but\u00e9 \u00e0 Vila Franca de Xira et s&#8217;est termin\u00e9e \u00e0 Elvas. Une chaleur torride attendait les coureurs sur la ligne d&#8217;arriv\u00e9e, o\u00f9 Ant\u00f3nio Barbio a lanc\u00e9 Jo\u00e3o Matias \u00e0 la 4\u00e8me place de l&#8217;\u00e9tape apr\u00e8s un grand travail collectif.<\/p>\n<p class=\"p1\">Le long trajet n&#8217;a pas intimid\u00e9 le peloton, qui a imm\u00e9diatement vu partir 4 coureurs qui allaient former l&#8217;\u00e9chapp\u00e9e du jour. Notre \u00e9quipe est rest\u00e9e dans le grand groupe, \u00e9conomisant son \u00e9nergie et jouant toutes ses cartes dans les derniers kilom\u00e8tres.<\/p>\n<p class=\"p1\">Au premier passage sur la ligne d&#8217;arriv\u00e9e, il y avait encore un coureur l\u00e9g\u00e8rement en avance sur le peloton, et apr\u00e8s une grosse chute du peloton, l&#8217;\u00e9quipe \u00e9tait en excellente position pour affronter les deux derniers kilom\u00e8tres. Ant\u00f3nio Barbio \u00e9tait le dernier \u00e0 laisser Jo\u00e3o Matias \u00e0 environ 150 m\u00e8tres de la fin et d\u00e9j\u00e0 dans le dernier virage, une touche entre les coureurs a fait perdre l&#8217;\u00e9lan \u00e0 Jo\u00e3o Matias et l&#8217;a oblig\u00e9 \u00e0 prendre un nouveau d\u00e9part. Cette situation a co\u00fbt\u00e9 cher, et Jo\u00e3o Matias a termin\u00e9 en 4\u00e8me position, ce qui reste un tr\u00e8s bon r\u00e9sultat.<\/p>\n<p class=\"p1\">Un excellent travail d&#8217;\u00e9quipe tout au long de la journ\u00e9e a permis \u00e0 Jo\u00e3o Matias de terminer dans le top 5, un record de qualit\u00e9 synonyme de bonne condition physique. Au classement g\u00e9n\u00e9ral, tout est rest\u00e9 inchang\u00e9 et Jo\u00e3o Matias continue d&#8217;\u00eatre le mieux plac\u00e9 aux portes du Top-20.<\/p>\n<p class=\"p1\"><strong><\/strong><\/p>\n<p class=\"p1\"><strong>Classification des \u00e9tapes<\/strong><\/p>\n<p class=\"p1\">Vila Franca de Xira &#8211; Elvas : 193,5 Kms<\/p>\n<p class=\"p1\">1er Scott Mcgill (Wildlife GenerationPro Cycling), 4h30m28s<\/p>\n<p class=\"p1\">4\u00e8me Jo\u00e3o Matias (Tavfer-Mort\u00e1gua-Ovos Matinados), mt<\/p>\n<p class=\"p1\">10e Ant\u00f3nio Barbio (Tavfer-Mort\u00e1gua-Ovos Matinados), mt<\/p>\n<p class=\"p1\">37 Gon\u00e7alo Amado (Tavfer-Mort\u00e1gua-Ovos Matinados), mt<\/p>\n<p class=\"p1\">43e Bruno Silva (Tavfer-Mort\u00e1gua-Ovos Matinados), mt<\/p>\n<p class=\"p1\">84 Gon\u00e7alo Carvalho (Tavfer-Mort\u00e1gua-Ovos Matinados), mt<\/p>\n<p class=\"p1\">85e \u00c1ngel Sanchez (Tavfer-Mort\u00e1gua-Ovos Matinados), mt<\/p>\n<p class=\"p1\">89e Rui Carvalho (Tavfer-Mort\u00e1gua-Ovos Matinados), mt<\/p>\n<p class=\"p1\">\n<p class=\"p1\"><strong>Classification g\u00e9n\u00e9rale<\/strong><\/p>\n<p class=\"p1\">1er Rafael Reis (Glassdrive\/Q8\/Anicolor), 4h36m39s<\/p>\n<p class=\"p1\">22.\u00ba Jo\u00e3o Matias (Tavfer-Mort\u00e1gua-Ovos Matinados), 22s<\/p>\n<p class=\"p1\">49e Ant\u00f3nio Barbio (Tavfer-Mort\u00e1gua-Ovos Matinados), 32s<\/p>\n<p class=\"p1\">53e Gon\u00e7alo Amado (Tavfer-Mort\u00e1gua-Ovos Matinados), 34s<\/p>\n<p class=\"p1\">54 Gon\u00e7alo Carvalho (Tavfer-Mort\u00e1gua-Ovos Matinados), 35s<\/p>\n<p class=\"p1\">67 Bruno Silva (Tavfer-Mort\u00e1gua-Ovos Matinados), 38s<\/p>\n<p class=\"p1\">78e Rui Carvalho (Tavfer-Mort\u00e1gua-Ovos Matinados), 42s<\/p>\n<p class=\"p1\">\n<p class=\"p1\"><strong>Classement des \u00e9quipes<\/strong><\/p>\n<p class=\"p1\">1er Glassdrive\/Q8\/Anicolor, 13h50m23s<\/p>\n<p class=\"p1\">11\u00e8me Tavfer-Mort\u00e1gua-Ovos Matinados, 1m02<\/p>\n<p>[\/et_pb_text][\/et_pb_column][\/et_pb_row][\/et_pb_section][et_pb_section fb_built=&#8221;1&#8243; _builder_version=&#8221;4.17.6&#8243; _module_preset=&#8221;default&#8221; global_colors_info=&#8221;{}&#8221; theme_builder_area=&#8221;post_content&#8221;][et_pb_row _builder_version=&#8221;4.17.6&#8243; _module_preset=&#8221;default&#8221; width=&#8221;100%&#8221; global_colors_info=&#8221;{}&#8221; theme_builder_area=&#8221;post_content&#8221;][et_pb_column type=&#8221;4_4&#8243; _builder_version=&#8221;4.17.6&#8243; _module_preset=&#8221;default&#8221; global_colors_info=&#8221;{}&#8221; theme_builder_area=&#8221;post_content&#8221;][et_pb_gallery gallery_ids=&#8221;999,1000,1001,1002&#8243; fullwidth=&#8221;on&#8221; _builder_version=&#8221;4.17.6&#8243; _module_preset=&#8221;default&#8221; width=&#8221;100%&#8221; module_alignment=&#8221;center&#8221; hover_enabled=&#8221;0&#8243; border_radii=&#8221;on|10px|10px|10px|10px&#8221; global_colors_info=&#8221;{}&#8221; theme_builder_area=&#8221;post_content&#8221; sticky_enabled=&#8221;0&#8243;][\/et_pb_gallery][\/et_pb_column][\/et_pb_row][\/et_pb_section]<\/p>\n","protected":false},"excerpt":{"rendered":"<p>25 juin 2021 Notre cycliste Iuri Leit\u00e3o remporte pour la deuxi\u00e8me journ\u00e9e cons\u00e9cutive le maillot jaune de la Volta ao Alentejo 2021. F\u00e9licitations \u00e0 Iuri et \u00e0 toute l&#8217;\u00e9quipe de TAVFER Measindot Mort\u00e1gua.<\/p>\n","protected":false},"author":1,"featured_media":1511,"comment_status":"open","ping_status":"closed","sticky":false,"template":"","format":"standard","meta":{"_et_pb_use_builder":"on","_et_pb_old_content":"","_et_gb_content_width":"","om_disable_all_campaigns":false,"_monsterinsights_skip_tracking":false,"_monsterinsights_sitenote_active":false,"_monsterinsights_sitenote_note":"","_monsterinsights_sitenote_category":0,"footnotes":""},"categories":[35],"tags":[],"class_list":["post-1817","post","type-post","status-publish","format-standard","has-post-thumbnail","hentry","category-actualites"],"acf":[],"aioseo_notices":[],"yoast_head":"<!-- This site is optimized with the Yoast SEO plugin v19.3 - https:\/\/yoast.com\/wordpress\/plugins\/seo\/ -->\n<title>Jo\u00e3o Matias sprinte pour prendre la 4\u00e8me place \u00e0 Elvas apr\u00e8s un excellent travail collectif - Tavfer<\/title>\n<meta name=\"description\" content=\"25 juin 2021 Notre cycliste Iuri Leit\u00e3o remporte pour la deuxi\u00e8me journ\u00e9e cons\u00e9cutive le maillot jaune de la Volta ao Alentejo 2021. F\u00e9licitations \u00e0 Iuri et \u00e0 toute l&#039;\u00e9quipe de TAVFER Measindot Mort\u00e1gua.\" \/>\n<meta name=\"robots\" content=\"index, follow, max-snippet:-1, max-image-preview:large, max-video-preview:-1\" \/>\n<link rel=\"canonical\" href=\"https:\/\/tavfer.com\/fr\/joao-matias-sprinte-pour-prendre-la-4eme-place-a-elvas-apres-un-excellent-travail-collectif\/\" \/>\n<meta property=\"og:locale\" content=\"fr_FR\" \/>\n<meta property=\"og:type\" content=\"article\" \/>\n<meta property=\"og:title\" content=\"Jo\u00e3o Matias sprinte pour prendre la 4\u00e8me place \u00e0 Elvas apr\u00e8s un excellent travail collectif - Tavfer\" \/>\n<meta property=\"og:description\" content=\"25 juin 2021 Notre cycliste Iuri Leit\u00e3o remporte pour la deuxi\u00e8me journ\u00e9e cons\u00e9cutive le maillot jaune de la Volta ao Alentejo 2021. F\u00e9licitations \u00e0 Iuri et \u00e0 toute l&#039;\u00e9quipe de TAVFER Measindot Mort\u00e1gua.\" \/>\n<meta property=\"og:url\" content=\"https:\/\/tavfer.com\/fr\/joao-matias-sprinte-pour-prendre-la-4eme-place-a-elvas-apres-un-excellent-travail-collectif\/\" \/>\n<meta property=\"og:site_name\" content=\"Tavfer\" \/>\n<meta property=\"article:publisher\" content=\"https:\/\/www.facebook.com\/grupotavfer\/\" \/>\n<meta property=\"article:published_time\" content=\"2022-08-08T07:53:57+00:00\" \/>\n<meta property=\"article:modified_time\" content=\"2023-03-31T12:12:20+00:00\" \/>\n<meta property=\"og:image\" content=\"https:\/\/tavfer.com\/wp-content\/uploads\/2022\/08\/Grupo-7679.png\" \/>\n\t<meta property=\"og:image:width\" content=\"1120\" \/>\n\t<meta property=\"og:image:height\" content=\"565\" \/>\n\t<meta property=\"og:image:type\" content=\"image\/png\" \/>\n<meta name=\"author\" content=\"titoforns\" \/>\n<meta name=\"twitter:card\" content=\"summary_large_image\" \/>\n<meta name=\"twitter:label1\" content=\"\u00c9crit par\" \/>\n\t<meta name=\"twitter:data1\" content=\"titoforns\" \/>\n\t<meta name=\"twitter:label2\" content=\"Dur\u00e9e de lecture estim\u00e9e\" \/>\n\t<meta name=\"twitter:data2\" content=\"3 minutes\" \/>\n<script type=\"application\/ld+json\" class=\"yoast-schema-graph\">{\"@context\":\"https:\/\/schema.org\",\"@graph\":[{\"@type\":\"Organization\",\"@id\":\"http:\/\/tavfer.com\/#organization\",\"name\":\"Grupo Tavfer\",\"url\":\"http:\/\/tavfer.com\/\",\"sameAs\":[\"https:\/\/www.linkedin.com\/company\/grupo-tavfer\",\"https:\/\/www.facebook.com\/grupotavfer\/\"],\"logo\":{\"@type\":\"ImageObject\",\"inLanguage\":\"fr-FR\",\"@id\":\"http:\/\/tavfer.com\/#\/schema\/logo\/image\/\",\"url\":\"https:\/\/tavfer.com\/wp-content\/uploads\/2022\/06\/logo-2.png\",\"contentUrl\":\"https:\/\/tavfer.com\/wp-content\/uploads\/2022\/06\/logo-2.png\",\"width\":333,\"height\":90,\"caption\":\"Grupo Tavfer\"},\"image\":{\"@id\":\"http:\/\/tavfer.com\/#\/schema\/logo\/image\/\"}},{\"@type\":\"WebSite\",\"@id\":\"http:\/\/tavfer.com\/#website\",\"url\":\"http:\/\/tavfer.com\/\",\"name\":\"Tavfer\",\"description\":\"Por si, crescemos juntos\",\"publisher\":{\"@id\":\"http:\/\/tavfer.com\/#organization\"},\"potentialAction\":[{\"@type\":\"SearchAction\",\"target\":{\"@type\":\"EntryPoint\",\"urlTemplate\":\"http:\/\/tavfer.com\/?s={search_term_string}\"},\"query-input\":\"required name=search_term_string\"}],\"inLanguage\":\"fr-FR\"},{\"@type\":\"ImageObject\",\"inLanguage\":\"fr-FR\",\"@id\":\"https:\/\/tavfer.com\/fr\/joao-matias-sprinte-pour-prendre-la-4eme-place-a-elvas-apres-un-excellent-travail-collectif\/#primaryimage\",\"url\":\"https:\/\/tavfer.com\/wp-content\/uploads\/2022\/08\/Grupo-7679.png\",\"contentUrl\":\"https:\/\/tavfer.com\/wp-content\/uploads\/2022\/08\/Grupo-7679.png\",\"width\":1120,\"height\":565},{\"@type\":\"WebPage\",\"@id\":\"https:\/\/tavfer.com\/fr\/joao-matias-sprinte-pour-prendre-la-4eme-place-a-elvas-apres-un-excellent-travail-collectif\/\",\"url\":\"https:\/\/tavfer.com\/fr\/joao-matias-sprinte-pour-prendre-la-4eme-place-a-elvas-apres-un-excellent-travail-collectif\/\",\"name\":\"Jo\u00e3o Matias sprinte pour prendre la 4\u00e8me place \u00e0 Elvas apr\u00e8s un excellent travail collectif - Tavfer\",\"isPartOf\":{\"@id\":\"http:\/\/tavfer.com\/#website\"},\"primaryImageOfPage\":{\"@id\":\"https:\/\/tavfer.com\/fr\/joao-matias-sprinte-pour-prendre-la-4eme-place-a-elvas-apres-un-excellent-travail-collectif\/#primaryimage\"},\"datePublished\":\"2022-08-08T07:53:57+00:00\",\"dateModified\":\"2023-03-31T12:12:20+00:00\",\"description\":\"25 juin 2021 Notre cycliste Iuri Leit\u00e3o remporte pour la deuxi\u00e8me journ\u00e9e cons\u00e9cutive le maillot jaune de la Volta ao Alentejo 2021. F\u00e9licitations \u00e0 Iuri et \u00e0 toute l'\u00e9quipe de TAVFER Measindot Mort\u00e1gua.\",\"breadcrumb\":{\"@id\":\"https:\/\/tavfer.com\/fr\/joao-matias-sprinte-pour-prendre-la-4eme-place-a-elvas-apres-un-excellent-travail-collectif\/#breadcrumb\"},\"inLanguage\":\"fr-FR\",\"potentialAction\":[{\"@type\":\"ReadAction\",\"target\":[\"https:\/\/tavfer.com\/fr\/joao-matias-sprinte-pour-prendre-la-4eme-place-a-elvas-apres-un-excellent-travail-collectif\/\"]}]},{\"@type\":\"BreadcrumbList\",\"@id\":\"https:\/\/tavfer.com\/fr\/joao-matias-sprinte-pour-prendre-la-4eme-place-a-elvas-apres-un-excellent-travail-collectif\/#breadcrumb\",\"itemListElement\":[{\"@type\":\"ListItem\",\"position\":1,\"name\":\"Home\",\"item\":\"https:\/\/tavfer.com\/\"},{\"@type\":\"ListItem\",\"position\":2,\"name\":\"Jo\u00e3o Matias sprinte pour prendre la 4\u00e8me place \u00e0 Elvas apr\u00e8s un excellent travail collectif\"}]},{\"@type\":\"Article\",\"@id\":\"https:\/\/tavfer.com\/fr\/joao-matias-sprinte-pour-prendre-la-4eme-place-a-elvas-apres-un-excellent-travail-collectif\/#article\",\"isPartOf\":{\"@id\":\"https:\/\/tavfer.com\/fr\/joao-matias-sprinte-pour-prendre-la-4eme-place-a-elvas-apres-un-excellent-travail-collectif\/\"},\"author\":{\"name\":\"titoforns\",\"@id\":\"http:\/\/tavfer.com\/#\/schema\/person\/51b13f961f84375031c081b60737cf62\"},\"headline\":\"Jo\u00e3o Matias sprinte pour prendre la 4\u00e8me place \u00e0 Elvas apr\u00e8s un excellent travail collectif\",\"datePublished\":\"2022-08-08T07:53:57+00:00\",\"dateModified\":\"2023-03-31T12:12:20+00:00\",\"mainEntityOfPage\":{\"@id\":\"https:\/\/tavfer.com\/fr\/joao-matias-sprinte-pour-prendre-la-4eme-place-a-elvas-apres-un-excellent-travail-collectif\/\"},\"wordCount\":665,\"commentCount\":0,\"publisher\":{\"@id\":\"http:\/\/tavfer.com\/#organization\"},\"image\":{\"@id\":\"https:\/\/tavfer.com\/fr\/joao-matias-sprinte-pour-prendre-la-4eme-place-a-elvas-apres-un-excellent-travail-collectif\/#primaryimage\"},\"thumbnailUrl\":\"https:\/\/tavfer.com\/wp-content\/uploads\/2022\/08\/Grupo-7679.png\",\"articleSection\":[\"Actualit\u00e9s\"],\"inLanguage\":\"fr-FR\",\"potentialAction\":[{\"@type\":\"CommentAction\",\"name\":\"Comment\",\"target\":[\"https:\/\/tavfer.com\/fr\/joao-matias-sprinte-pour-prendre-la-4eme-place-a-elvas-apres-un-excellent-travail-collectif\/#respond\"]}]},{\"@type\":\"Person\",\"@id\":\"http:\/\/tavfer.com\/#\/schema\/person\/51b13f961f84375031c081b60737cf62\",\"name\":\"titoforns\",\"image\":{\"@type\":\"ImageObject\",\"inLanguage\":\"fr-FR\",\"@id\":\"http:\/\/tavfer.com\/#\/schema\/person\/image\/\",\"url\":\"https:\/\/secure.gravatar.com\/avatar\/a78d8f9041cbc43fc64260822e0dc2616b2f9bc6718f42070594c6d3b43023df?s=96&d=mm&r=g\",\"contentUrl\":\"https:\/\/secure.gravatar.com\/avatar\/a78d8f9041cbc43fc64260822e0dc2616b2f9bc6718f42070594c6d3b43023df?s=96&d=mm&r=g\",\"caption\":\"titoforns\"},\"sameAs\":[\"https:\/\/grupotavfer.com\"],\"url\":\"https:\/\/tavfer.com\/fr\/author\/titoforns\/\"}]}<\/script>\n<!-- \/ Yoast SEO plugin. -->","yoast_head_json":{"title":"Jo\u00e3o Matias sprinte pour prendre la 4\u00e8me place \u00e0 Elvas apr\u00e8s un excellent travail collectif - Tavfer","description":"25 juin 2021 Notre cycliste Iuri Leit\u00e3o remporte pour la deuxi\u00e8me journ\u00e9e cons\u00e9cutive le maillot jaune de la Volta ao Alentejo 2021. F\u00e9licitations \u00e0 Iuri et \u00e0 toute l'\u00e9quipe de TAVFER Measindot Mort\u00e1gua.","robots":{"index":"index","follow":"follow","max-snippet":"max-snippet:-1","max-image-preview":"max-image-preview:large","max-video-preview":"max-video-preview:-1"},"canonical":"https:\/\/tavfer.com\/fr\/joao-matias-sprinte-pour-prendre-la-4eme-place-a-elvas-apres-un-excellent-travail-collectif\/","og_locale":"fr_FR","og_type":"article","og_title":"Jo\u00e3o Matias sprinte pour prendre la 4\u00e8me place \u00e0 Elvas apr\u00e8s un excellent travail collectif - Tavfer","og_description":"25 juin 2021 Notre cycliste Iuri Leit\u00e3o remporte pour la deuxi\u00e8me journ\u00e9e cons\u00e9cutive le maillot jaune de la Volta ao Alentejo 2021. F\u00e9licitations \u00e0 Iuri et \u00e0 toute l'\u00e9quipe de TAVFER Measindot Mort\u00e1gua.","og_url":"https:\/\/tavfer.com\/fr\/joao-matias-sprinte-pour-prendre-la-4eme-place-a-elvas-apres-un-excellent-travail-collectif\/","og_site_name":"Tavfer","article_publisher":"https:\/\/www.facebook.com\/grupotavfer\/","article_published_time":"2022-08-08T07:53:57+00:00","article_modified_time":"2023-03-31T12:12:20+00:00","og_image":[{"width":1120,"height":565,"url":"https:\/\/tavfer.com\/wp-content\/uploads\/2022\/08\/Grupo-7679.png","type":"image\/png"}],"author":"titoforns","twitter_card":"summary_large_image","twitter_misc":{"\u00c9crit par":"titoforns","Dur\u00e9e de lecture estim\u00e9e":"3 minutes"},"schema":{"@context":"https:\/\/schema.org","@graph":[{"@type":"Organization","@id":"http:\/\/tavfer.com\/#organization","name":"Grupo Tavfer","url":"http:\/\/tavfer.com\/","sameAs":["https:\/\/www.linkedin.com\/company\/grupo-tavfer","https:\/\/www.facebook.com\/grupotavfer\/"],"logo":{"@type":"ImageObject","inLanguage":"fr-FR","@id":"http:\/\/tavfer.com\/#\/schema\/logo\/image\/","url":"https:\/\/tavfer.com\/wp-content\/uploads\/2022\/06\/logo-2.png","contentUrl":"https:\/\/tavfer.com\/wp-content\/uploads\/2022\/06\/logo-2.png","width":333,"height":90,"caption":"Grupo Tavfer"},"image":{"@id":"http:\/\/tavfer.com\/#\/schema\/logo\/image\/"}},{"@type":"WebSite","@id":"http:\/\/tavfer.com\/#website","url":"http:\/\/tavfer.com\/","name":"Tavfer","description":"Por si, crescemos juntos","publisher":{"@id":"http:\/\/tavfer.com\/#organization"},"potentialAction":[{"@type":"SearchAction","target":{"@type":"EntryPoint","urlTemplate":"http:\/\/tavfer.com\/?s={search_term_string}"},"query-input":"required name=search_term_string"}],"inLanguage":"fr-FR"},{"@type":"ImageObject","inLanguage":"fr-FR","@id":"https:\/\/tavfer.com\/fr\/joao-matias-sprinte-pour-prendre-la-4eme-place-a-elvas-apres-un-excellent-travail-collectif\/#primaryimage","url":"https:\/\/tavfer.com\/wp-content\/uploads\/2022\/08\/Grupo-7679.png","contentUrl":"https:\/\/tavfer.com\/wp-content\/uploads\/2022\/08\/Grupo-7679.png","width":1120,"height":565},{"@type":"WebPage","@id":"https:\/\/tavfer.com\/fr\/joao-matias-sprinte-pour-prendre-la-4eme-place-a-elvas-apres-un-excellent-travail-collectif\/","url":"https:\/\/tavfer.com\/fr\/joao-matias-sprinte-pour-prendre-la-4eme-place-a-elvas-apres-un-excellent-travail-collectif\/","name":"Jo\u00e3o Matias sprinte pour prendre la 4\u00e8me place \u00e0 Elvas apr\u00e8s un excellent travail collectif - Tavfer","isPartOf":{"@id":"http:\/\/tavfer.com\/#website"},"primaryImageOfPage":{"@id":"https:\/\/tavfer.com\/fr\/joao-matias-sprinte-pour-prendre-la-4eme-place-a-elvas-apres-un-excellent-travail-collectif\/#primaryimage"},"datePublished":"2022-08-08T07:53:57+00:00","dateModified":"2023-03-31T12:12:20+00:00","description":"25 juin 2021 Notre cycliste Iuri Leit\u00e3o remporte pour la deuxi\u00e8me journ\u00e9e cons\u00e9cutive le maillot jaune de la Volta ao Alentejo 2021. F\u00e9licitations \u00e0 Iuri et \u00e0 toute l'\u00e9quipe de TAVFER Measindot Mort\u00e1gua.","breadcrumb":{"@id":"https:\/\/tavfer.com\/fr\/joao-matias-sprinte-pour-prendre-la-4eme-place-a-elvas-apres-un-excellent-travail-collectif\/#breadcrumb"},"inLanguage":"fr-FR","potentialAction":[{"@type":"ReadAction","target":["https:\/\/tavfer.com\/fr\/joao-matias-sprinte-pour-prendre-la-4eme-place-a-elvas-apres-un-excellent-travail-collectif\/"]}]},{"@type":"BreadcrumbList","@id":"https:\/\/tavfer.com\/fr\/joao-matias-sprinte-pour-prendre-la-4eme-place-a-elvas-apres-un-excellent-travail-collectif\/#breadcrumb","itemListElement":[{"@type":"ListItem","position":1,"name":"Home","item":"https:\/\/tavfer.com\/"},{"@type":"ListItem","position":2,"name":"Jo\u00e3o Matias sprinte pour prendre la 4\u00e8me place \u00e0 Elvas apr\u00e8s un excellent travail collectif"}]},{"@type":"Article","@id":"https:\/\/tavfer.com\/fr\/joao-matias-sprinte-pour-prendre-la-4eme-place-a-elvas-apres-un-excellent-travail-collectif\/#article","isPartOf":{"@id":"https:\/\/tavfer.com\/fr\/joao-matias-sprinte-pour-prendre-la-4eme-place-a-elvas-apres-un-excellent-travail-collectif\/"},"author":{"name":"titoforns","@id":"http:\/\/tavfer.com\/#\/schema\/person\/51b13f961f84375031c081b60737cf62"},"headline":"Jo\u00e3o Matias sprinte pour prendre la 4\u00e8me place \u00e0 Elvas apr\u00e8s un excellent travail collectif","datePublished":"2022-08-08T07:53:57+00:00","dateModified":"2023-03-31T12:12:20+00:00","mainEntityOfPage":{"@id":"https:\/\/tavfer.com\/fr\/joao-matias-sprinte-pour-prendre-la-4eme-place-a-elvas-apres-un-excellent-travail-collectif\/"},"wordCount":665,"commentCount":0,"publisher":{"@id":"http:\/\/tavfer.com\/#organization"},"image":{"@id":"https:\/\/tavfer.com\/fr\/joao-matias-sprinte-pour-prendre-la-4eme-place-a-elvas-apres-un-excellent-travail-collectif\/#primaryimage"},"thumbnailUrl":"https:\/\/tavfer.com\/wp-content\/uploads\/2022\/08\/Grupo-7679.png","articleSection":["Actualit\u00e9s"],"inLanguage":"fr-FR","potentialAction":[{"@type":"CommentAction","name":"Comment","target":["https:\/\/tavfer.com\/fr\/joao-matias-sprinte-pour-prendre-la-4eme-place-a-elvas-apres-un-excellent-travail-collectif\/#respond"]}]},{"@type":"Person","@id":"http:\/\/tavfer.com\/#\/schema\/person\/51b13f961f84375031c081b60737cf62","name":"titoforns","image":{"@type":"ImageObject","inLanguage":"fr-FR","@id":"http:\/\/tavfer.com\/#\/schema\/person\/image\/","url":"https:\/\/secure.gravatar.com\/avatar\/a78d8f9041cbc43fc64260822e0dc2616b2f9bc6718f42070594c6d3b43023df?s=96&d=mm&r=g","contentUrl":"https:\/\/secure.gravatar.com\/avatar\/a78d8f9041cbc43fc64260822e0dc2616b2f9bc6718f42070594c6d3b43023df?s=96&d=mm&r=g","caption":"titoforns"},"sameAs":["https:\/\/grupotavfer.com"],"url":"https:\/\/tavfer.com\/fr\/author\/titoforns\/"}]}},"_links":{"self":[{"href":"https:\/\/tavfer.com\/fr\/wp-json\/wp\/v2\/posts\/1817","targetHints":{"allow":["GET"]}}],"collection":[{"href":"https:\/\/tavfer.com\/fr\/wp-json\/wp\/v2\/posts"}],"about":[{"href":"https:\/\/tavfer.com\/fr\/wp-json\/wp\/v2\/types\/post"}],"author":[{"embeddable":true,"href":"https:\/\/tavfer.com\/fr\/wp-json\/wp\/v2\/users\/1"}],"replies":[{"embeddable":true,"href":"https:\/\/tavfer.com\/fr\/wp-json\/wp\/v2\/comments?post=1817"}],"version-history":[{"count":11,"href":"https:\/\/tavfer.com\/fr\/wp-json\/wp\/v2\/posts\/1817\/revisions"}],"predecessor-version":[{"id":2100,"href":"https:\/\/tavfer.com\/fr\/wp-json\/wp\/v2\/posts\/1817\/revisions\/2100"}],"wp:featuredmedia":[{"embeddable":true,"href":"https:\/\/tavfer.com\/fr\/wp-json\/wp\/v2\/media\/1511"}],"wp:attachment":[{"href":"https:\/\/tavfer.com\/fr\/wp-json\/wp\/v2\/media?parent=1817"}],"wp:term":[{"taxonomy":"category","embeddable":true,"href":"https:\/\/tavfer.com\/fr\/wp-json\/wp\/v2\/categories?post=1817"},{"taxonomy":"post_tag","embeddable":true,"href":"https:\/\/tavfer.com\/fr\/wp-json\/wp\/v2\/tags?post=1817"}],"curies":[{"name":"wp","href":"https:\/\/api.w.org\/{rel}","templated":true}]}}